{"id":200269,"date":"2025-06-24T08:26:09","date_gmt":"2025-06-24T08:26:09","guid":{"rendered":"https:\/\/www.europesays.com\/fr\/200269\/"},"modified":"2025-06-24T08:26:09","modified_gmt":"2025-06-24T08:26:09","slug":"violente-dispute-dans-une-residence-etudiante-a-lyon-un-mineur-grievement-blesse","status":"publish","type":"post","link":"https:\/\/www.europesays.com\/fr\/200269\/","title":{"rendered":"Violente dispute dans une r\u00e9sidence \u00e9tudiante \u00e0 Lyon : un mineur gri\u00e8vement bless\u00e9"},"content":{"rendered":"<p itemprop=\"description\"><strong>Une altercation d&rsquo;une extr\u00eame violence a \u00e9clat\u00e9 lundi en fin d&rsquo;apr\u00e8s-midi dans une r\u00e9sidence \u00e9tudiante du 9e arrondissement de Lyon.<\/strong><\/p>\n<p>Les faits se sont produits ce lundi 23 juin, aux alentours de 17 heures, dans un studio situ\u00e9 rue du Sergent Michel Berthet, dans le quartier de Gorge-de-Loup (Lyon 9e). Une violente dispute aurait \u00e9clat\u00e9 entre une \u00e9tudiante de 18 ans et un mineur de 17 ans, d\u2019origine ivoirienne, pr\u00e9cise Le Progr\u00e8s.\u00a0<\/p>\n<p>\u00c0 l\u2019arriv\u00e9e des secours, le jeune homme pr\u00e9sentait une plaie abdominale profonde, son pronostic vital \u00e9tait alors r\u00e9serv\u00e9. L\u2019\u00e9tudiante, quant \u00e0 elle, souffre de blessures superficielles au thorax. Elle a \u00e9t\u00e9 hospitalis\u00e9e mais ses jours ne sont pas en danger.<\/p>\n<p>Un couteau a \u00e9t\u00e9 d\u00e9couvert sur place par les policiers. Le diff\u00e9rend aurait \u00e9clat\u00e9 dans le studio de la jeune femme, o\u00f9 des tensions auraient r\u00e9guli\u00e8rement lieu.<\/p>\n<p>Les enqu\u00eateurs doivent d\u00e9sormais d\u00e9terminer le mobile de l&rsquo;altercation et le d\u00e9roulement pr\u00e9cis des faits.<\/p>\n","protected":false},"excerpt":{"rendered":"Une altercation d&rsquo;une extr\u00eame violence a \u00e9clat\u00e9 lundi en fin d&rsquo;apr\u00e8s-midi dans une r\u00e9sidence \u00e9tudiante du 9e arrondissement&hellip;\n","protected":false},"author":2,"featured_media":200270,"comment_status":"","ping_status":"","sticky":false,"template":"","format":"standard","meta":{"footnotes":""},"categories":[1889],"tags":[1111,11,2813,2190,2430,1109,251,1112,2811,1777,674,118,1011,27,1922,1110,1114,2428,2810,12,241,316,25,2812,517,800],"class_list":{"0":"post-200269","1":"post","2":"type-post","3":"status-publish","4":"format-standard","5":"has-post-thumbnail","7":"category-lyon","8":"tag-actu","9":"tag-actualites","10":"tag-article","11":"tag-asvel","12":"tag-auvergne-rhone-alpes","13":"tag-breves","14":"tag-culture","15":"tag-depeches","16":"tag-economique","17":"tag-eu","18":"tag-europe","19":"tag-faits-divers","20":"tag-fr","21":"tag-france","22":"tag-info","23":"tag-informations","24":"tag-infos","25":"tag-lyon","26":"tag-lyonmag","27":"tag-news","28":"tag-ol","29":"tag-politique","30":"tag-republique-francaise","31":"tag-sociale","32":"tag-sport","33":"tag-transports"},"share_on_mastodon":{"url":"https:\/\/pubeurope.com\/@fr\/114737393496955084","error":""},"_links":{"self":[{"href":"https:\/\/www.europesays.com\/fr\/wp-json\/wp\/v2\/posts\/200269","targetHints":{"allow":["GET"]}}],"collection":[{"href":"https:\/\/www.europesays.com\/fr\/wp-json\/wp\/v2\/posts"}],"about":[{"href":"https:\/\/www.europesays.com\/fr\/wp-json\/wp\/v2\/types\/post"}],"author":[{"embeddable":true,"href":"https:\/\/www.europesays.com\/fr\/wp-json\/wp\/v2\/users\/2"}],"replies":[{"embeddable":true,"href":"https:\/\/www.europesays.com\/fr\/wp-json\/wp\/v2\/comments?post=200269"}],"version-history":[{"count":0,"href":"https:\/\/www.europesays.com\/fr\/wp-json\/wp\/v2\/posts\/200269\/revisions"}],"wp:featuredmedia":[{"embeddable":true,"href":"https:\/\/www.europesays.com\/fr\/wp-json\/wp\/v2\/media\/200270"}],"wp:attachment":[{"href":"https:\/\/www.europesays.com\/fr\/wp-json\/wp\/v2\/media?parent=200269"}],"wp:term":[{"taxonomy":"category","embeddable":true,"href":"https:\/\/www.europesays.com\/fr\/wp-json\/wp\/v2\/categories?post=200269"},{"taxonomy":"post_tag","embeddable":true,"href":"https:\/\/www.europesays.com\/fr\/wp-json\/wp\/v2\/tags?post=200269"}],"curies":[{"name":"wp","href":"https:\/\/api.w.org\/{rel}","templated":true}]}}