{"id":200275,"date":"2025-06-24T08:29:09","date_gmt":"2025-06-24T08:29:09","guid":{"rendered":"https:\/\/www.europesays.com\/fr\/200275\/"},"modified":"2025-06-24T08:29:09","modified_gmt":"2025-06-24T08:29:09","slug":"matin-dembouteillages-a-paris-et-en-ile-de-france-plus-de-410-km-de-bouchons","status":"publish","type":"post","link":"https:\/\/www.europesays.com\/fr\/200275\/","title":{"rendered":"Matin d\u2019embouteillages \u00e0 Paris et en \u00cele-de-France, plus de 410\u00a0km de bouchons"},"content":{"rendered":"<p class=\"paragraph text_align_left lp-f-body-02\">Comme ce fut le cas hier d\u00e9j\u00e0, <a href=\"https:\/\/www.leparisien.fr\/paris-75\/paris-le-trafic-routier-source-majeure-de-particules-ultrafines-selon-une-etude-20-06-2025-ZDAEGUEOYVF4VM64WADS7G3GL4.php\" target=\"_blank\" rel=\"noreferrer nofollow noopener\">le trafic en \u00cele-de-France<\/a> est fortement perturb\u00e9 ce mardi 24\u00a0juin matin. \u00c0 9h30, le service d\u2019information Sytadin recensait plus de 410\u00a0km de bouchons cumul\u00e9s sur l\u2019ensemble du r\u00e9seau routier de la r\u00e9gion, une situation \u00ab\u00a0exceptionnelle\u00a0\u00bb selon le site gouvernemental. Lors d\u2019une matin\u00e9e habituelle, les embouteillages ne d\u00e9passent pas 300\u00a0km.<\/p>\n<p class=\"paragraph text_align_left lp-f-body-02\">Cette situation a entra\u00een\u00e9 des difficult\u00e9s de circulation sur plusieurs axes majeurs, notamment les autoroutes A1, A6, A10, A13 et le boulevard p\u00e9riph\u00e9rique parisien. Des ralentissements importants ont \u00e9galement \u00e9t\u00e9 constat\u00e9s sur les routes d\u00e9partementales et nationales.<\/p>\n<p>Plusieurs accidents<\/p>\n<p class=\"paragraph text_align_left lp-f-body-02\">Selon Sytadin, plusieurs accidents sont \u00e0 l\u2019origine de ces difficult\u00e9s. Sur l\u2019A13 notamment dans le sens province-Paris de Vaucresson (A13xA86) vers Saint-Cloud\/D985. Sur trois voies, une est ferm\u00e9e \u00e0 gauche. Mais \u00e9galement sur la N118 dans le sens province-Paris, o\u00f9 un v\u00e9hicule l\u00e9ger et une moto sont impliqu\u00e9s dans un incident. Et enfin sur l\u2019A104N ext\u00e9rieure, o\u00f9 une voie sur trois est ferm\u00e9e.<\/p>\n<p class=\"paragraph text_align_left lp-f-body-02\">Les cons\u00e9quences de ces perturbations se sont traduites par des allongements significatifs des temps de parcours et des difficult\u00e9s pour les usagers se rendant \u00e0 leur travail ou \u00e0 leurs rendez-vous.<\/p>\n","protected":false},"excerpt":{"rendered":"Comme ce fut le cas hier d\u00e9j\u00e0, le trafic en \u00cele-de-France est fortement perturb\u00e9 ce mardi 24\u00a0juin matin.&hellip;\n","protected":false},"author":2,"featured_media":200276,"comment_status":"","ping_status":"","sticky":false,"template":"","format":"standard","meta":{"footnotes":""},"categories":[1592],"tags":[1111,11,1777,674,1011,27,662,1944,12,626,25,2382],"class_list":{"0":"post-200275","1":"post","2":"type-post","3":"status-publish","4":"format-standard","5":"has-post-thumbnail","7":"category-ile-de-france","8":"tag-actu","9":"tag-actualites","10":"tag-eu","11":"tag-europe","12":"tag-fr","13":"tag-france","14":"tag-ile-de-france","15":"tag-ma-ville","16":"tag-news","17":"tag-paris","18":"tag-republique-francaise","19":"tag-transport-idf-oise"},"share_on_mastodon":{"url":"https:\/\/pubeurope.com\/@fr\/114737405326778858","error":""},"_links":{"self":[{"href":"https:\/\/www.europesays.com\/fr\/wp-json\/wp\/v2\/posts\/200275","targetHints":{"allow":["GET"]}}],"collection":[{"href":"https:\/\/www.europesays.com\/fr\/wp-json\/wp\/v2\/posts"}],"about":[{"href":"https:\/\/www.europesays.com\/fr\/wp-json\/wp\/v2\/types\/post"}],"author":[{"embeddable":true,"href":"https:\/\/www.europesays.com\/fr\/wp-json\/wp\/v2\/users\/2"}],"replies":[{"embeddable":true,"href":"https:\/\/www.europesays.com\/fr\/wp-json\/wp\/v2\/comments?post=200275"}],"version-history":[{"count":0,"href":"https:\/\/www.europesays.com\/fr\/wp-json\/wp\/v2\/posts\/200275\/revisions"}],"wp:featuredmedia":[{"embeddable":true,"href":"https:\/\/www.europesays.com\/fr\/wp-json\/wp\/v2\/media\/200276"}],"wp:attachment":[{"href":"https:\/\/www.europesays.com\/fr\/wp-json\/wp\/v2\/media?parent=200275"}],"wp:term":[{"taxonomy":"category","embeddable":true,"href":"https:\/\/www.europesays.com\/fr\/wp-json\/wp\/v2\/categories?post=200275"},{"taxonomy":"post_tag","embeddable":true,"href":"https:\/\/www.europesays.com\/fr\/wp-json\/wp\/v2\/tags?post=200275"}],"curies":[{"name":"wp","href":"https:\/\/api.w.org\/{rel}","templated":true}]}}