{"id":200277,"date":"2025-06-24T08:30:09","date_gmt":"2025-06-24T08:30:09","guid":{"rendered":"https:\/\/www.europesays.com\/fr\/200277\/"},"modified":"2025-06-24T08:30:09","modified_gmt":"2025-06-24T08:30:09","slug":"un-vol-parti-daustralie-en-direction-de-paris-force-de-faire-demi-tour","status":"publish","type":"post","link":"https:\/\/www.europesays.com\/fr\/200277\/","title":{"rendered":"un vol parti d&rsquo;Australie en direction de Paris forc\u00e9 de faire demi-tour"},"content":{"rendered":"<p>            Par<br \/>\n        <strong><br \/>\n            <a href=\"https:\/\/actu.fr\/auteur\/redaction-paris\" title=\"Consulter tous les articles de R\u00e9daction Paris\" target=\"_blank\" rel=\"noopener\">R\u00e9daction Paris<\/a><br \/>\n        <\/strong><\/p>\n<p>        Publi\u00e9 le<\/p>\n<p>            24 juin 2025 \u00e0 9h52        <\/p>\n<p>Les passagers du vol QFA33 en direction de <a href=\"https:\/\/actu.fr\/tag\/aeroport-roissy-charles-de-gaulle\" target=\"_blank\" rel=\"noopener\">l\u2019a\u00e9roport Roissy-Charles-de-Gaulle<\/a>, mont\u00e9s \u00e0 bord d\u2019un Boeing \u00e0 <strong>Perth en Australie<\/strong> ont atterri, 17\u00a0heures plus tard\u2026 \u00c0 Perne en Australie, a r\u00e9v\u00e9l\u00e9 le m\u00e9dia <a href=\"https:\/\/airlive.net\/incident\/2025\/06\/24\/qantas-flight-qf33-to-paris-landed-back-in-perth-after-15-hours-of-flight\/\" target=\"_blank\" rel=\"noopener\">airlive.net<\/a>. La raison de ce demi-tour\u2009? La situation g\u00e9opolitique au Moyen-Orient et la <a href=\"https:\/\/actu.fr\/tag\/conflit-israel-iran\" target=\"_blank\" rel=\"noopener\">guerre entre Isra\u00ebl et l\u2019Iran<\/a>.<\/p>\n<p>Fermeture de plusieurs espaces a\u00e9riens<\/p>\n<p class=\" wall-content\">Au moment de leur d\u00e9part, lundi 23\u00a0juin 2025, \u00e0 20\u00a0heures, le trafic a\u00e9rien \u00e9tait libre.\u00a0Mais, au moment o\u00f9 le Boeing arrivait \u00e0 hauteur de l\u2019Inde, la situation s\u2019est d\u00e9grad\u00e9e au Moyen-Orient et l\u2019Iran a lanc\u00e9 plusieurs <strong>missiles sur la base militaire am\u00e9ricaine<\/strong> d\u2019Al-Udeid situ\u00e9e au Qatar. Le pays de la p\u00e9ninsule arabique et son voisin, les \u00c9mirats arabes unis, ont donc ferm\u00e9 leur espace a\u00e9rien.<\/p>\n<p class=\" wall-content\">Les pilotes n\u2019ont pas eu d\u2019autres solutions que de faire <strong>demi-tour<\/strong> et de retourner \u00e0 Perth, o\u00f9 l\u2019appareil s\u2019est pos\u00e9 sans encombre 17\u00a0heures apr\u00e8s avoir d\u00e9coll\u00e9 du m\u00eame tarmac.<\/p>\n<p class=\" wall-content\">Suivez toute l\u2019actualit\u00e9 de vos villes et m\u00e9dias favoris en vous inscrivant \u00e0 <a href=\"https:\/\/moncompte.actu.fr\" title=\"D\u00e9couvez Mon Actu\" rel=\"nofollow noopener\" data-trk=\"{&quot;cta&quot;:{&quot;action&quot;:&quot;https:\\\/\\\/moncompte.actu.fr&quot;,&quot;category&quot;:&quot;mon compte&quot;,&quot;from&quot;:&quot;article footer&quot;,&quot;name&quot;:&quot;Mon actu&quot;,&quot;type&quot;:&quot;cta&quot;}}\" target=\"_blank\">Mon Actu<\/a>.<\/p>\n<ul class=\"ac-article-tag wall-content\">\n<li><a href=\"https:\/\/actu.fr\/tag\/aeroport-roissy-charles-de-gaulle\" data-trk=\"{&quot;cta&quot;:{&quot;action&quot;:&quot;A\\u00e9roport Roissy-Charles de Gaulle&quot;,&quot;category&quot;:&quot;tag&quot;,&quot;from&quot;:&quot;article footer&quot;,&quot;name&quot;:&quot;A\\u00e9roport Roissy-Charles de Gaulle&quot;,&quot;type&quot;:&quot;cta&quot;}}\" target=\"_blank\" rel=\"noopener\">#A\u00e9roport Roissy-Charles de Gaulle<\/a><\/li>\n<li><a href=\"https:\/\/actu.fr\/tag\/conflit-israel-iran\" data-trk=\"{&quot;cta&quot;:{&quot;action&quot;:&quot;Conflit Isra\\u00ebl-Iran&quot;,&quot;category&quot;:&quot;tag&quot;,&quot;from&quot;:&quot;article footer&quot;,&quot;name&quot;:&quot;Conflit Isra\\u00ebl-Iran&quot;,&quot;type&quot;:&quot;cta&quot;}}\" target=\"_blank\" rel=\"noopener\">#Conflit Isra\u00ebl-Iran<\/a><\/li>\n<\/ul>\n","protected":false},"excerpt":{"rendered":"Par R\u00e9daction Paris Publi\u00e9 le 24 juin 2025 \u00e0 9h52 Les passagers du vol QFA33 en direction de&hellip;\n","protected":false},"author":2,"featured_media":200278,"comment_status":"","ping_status":"","sticky":false,"template":"","format":"standard","meta":{"footnotes":""},"categories":[1888],"tags":[1111,1928,11,1927,10045,31122,1777,674,1011,27,12,1926,626,1925,25,104],"class_list":{"0":"post-200277","1":"post","2":"type-post","3":"status-publish","4":"format-standard","5":"has-post-thumbnail","7":"category-paris","8":"tag-actu","9":"tag-actu-paris","10":"tag-actualites","11":"tag-actualites-paris","12":"tag-aeroport-roissy-charles-de-gaulle","13":"tag-conflit-israel-iran","14":"tag-eu","15":"tag-europe","16":"tag-fr","17":"tag-france","18":"tag-news","19":"tag-news-paris","20":"tag-paris","21":"tag-paris-news","22":"tag-republique-francaise","23":"tag-societe"},"share_on_mastodon":{"url":"https:\/\/pubeurope.com\/@fr\/114737409320519138","error":""},"_links":{"self":[{"href":"https:\/\/www.europesays.com\/fr\/wp-json\/wp\/v2\/posts\/200277","targetHints":{"allow":["GET"]}}],"collection":[{"href":"https:\/\/www.europesays.com\/fr\/wp-json\/wp\/v2\/posts"}],"about":[{"href":"https:\/\/www.europesays.com\/fr\/wp-json\/wp\/v2\/types\/post"}],"author":[{"embeddable":true,"href":"https:\/\/www.europesays.com\/fr\/wp-json\/wp\/v2\/users\/2"}],"replies":[{"embeddable":true,"href":"https:\/\/www.europesays.com\/fr\/wp-json\/wp\/v2\/comments?post=200277"}],"version-history":[{"count":0,"href":"https:\/\/www.europesays.com\/fr\/wp-json\/wp\/v2\/posts\/200277\/revisions"}],"wp:featuredmedia":[{"embeddable":true,"href":"https:\/\/www.europesays.com\/fr\/wp-json\/wp\/v2\/media\/200278"}],"wp:attachment":[{"href":"https:\/\/www.europesays.com\/fr\/wp-json\/wp\/v2\/media?parent=200277"}],"wp:term":[{"taxonomy":"category","embeddable":true,"href":"https:\/\/www.europesays.com\/fr\/wp-json\/wp\/v2\/categories?post=200277"},{"taxonomy":"post_tag","embeddable":true,"href":"https:\/\/www.europesays.com\/fr\/wp-json\/wp\/v2\/tags?post=200277"}],"curies":[{"name":"wp","href":"https:\/\/api.w.org\/{rel}","templated":true}]}}