{"id":200283,"date":"2025-06-24T08:33:12","date_gmt":"2025-06-24T08:33:12","guid":{"rendered":"https:\/\/www.europesays.com\/fr\/200283\/"},"modified":"2025-06-24T08:33:12","modified_gmt":"2025-06-24T08:33:12","slug":"la-bourse-de-paris-portee-par-lespoir-dun-cessez-le-feu-entre-liran-et-israel-24-06-2025-a-1019","status":"publish","type":"post","link":"https:\/\/www.europesays.com\/fr\/200283\/","title":{"rendered":"La Bourse de Paris port\u00e9e par l&rsquo;espoir d&rsquo;un cessez-le-feu entre l&rsquo;Iran et Isra\u00ebl &#8211; 24\/06\/2025 \u00e0 10:19"},"content":{"rendered":"<p>        <img fetchpriority=\"high\" decoding=\"async\" src=\"https:\/\/www.europesays.com\/fr\/wp-content\/uploads\/2025\/06\/72389d91e15f3820d7c744b25c376a03-760x392.jpg\" alt=\"La salle de contr\u00f4le d'Euronext, soci\u00e9t\u00e9 qui g\u00e8re la Bourse de Paris ( AFP \/ ERIC PIERMONT )\" loading=\"eager\" width=\"760\" height=\"392\" style=\"max-width: 100%!important; height: auto;\"\/><\/p>\n<p class=\"c-image-news__legend\">La salle de contr\u00f4le d&rsquo;Euronext, soci\u00e9t\u00e9 qui g\u00e8re la Bourse de Paris ( AFP \/ ERIC PIERMONT )<\/p>\n<p>\n La Bourse de Paris \u00e9volue en nette hausse mardi apr\u00e8s l&rsquo;annonce de Donald Trump d&rsquo;un cessez-le-feu entre l&rsquo;Iran et Isra\u00ebl sur sa plateforme Truth Social, accept\u00e9 par Isra\u00ebl mais sans confirmation directe par T\u00e9h\u00e9ran.\n<\/p>\n<p>\n L&rsquo;indice vedette CAC 40 avan\u00e7ait nettement de 1,25% vers 10H00, gagnant 94,10 points \u00e0 7.631,67 points. Lundi, l&rsquo;indice a perdu 0,69% (-52,09 points), revenant \u00e0 7.537,57 points \u00e0 la cl\u00f4ture.\n<\/p>\n<p>\n Dans la nuit, Donald Trump avait annonc\u00e9 que les deux pays avaient accept\u00e9 un cessez-le-feu \u00ab\u00a0complet et total\u00a0\u00bb qui devait d\u00e9boucher sur \u00ab\u00a0la fin officielle\u00a0\u00bb du conflit.\n<\/p>\n<p>\n \u00ab\u00a0LE CESSEZ-LE-FEU EST A PRESENT EN VIGUEUR. VEUILLEZ NE PAS LE VIOLER !\u00a0\u00bb, a-t-il \u00e9crit mardi matin sur sa plateforme Truth Social.\n<\/p>\n<p>\n Le gouvernement isra\u00e9lien a indiqu\u00e9 avoir accept\u00e9 la proposition am\u00e9ricaine d&rsquo;un \u00ab\u00a0cessez-le-feu bilat\u00e9ral\u00a0\u00bb avec l&rsquo;Iran, apr\u00e8s avoir d\u00e9clar\u00e9 qu&rsquo;il a atteint \u00ab\u00a0tous les objectifs\u00a0\u00bb de la guerre qu&rsquo;il a d\u00e9clench\u00e9e contre l&rsquo;Iran.\n<\/p>\n<p>\n L&rsquo;or, valeur refuge, c\u00e9dait 1,21% \u00e0 3.327 dollars l&rsquo;once (31,1 grammes).\n<\/p>\n<p>\n Sur le march\u00e9 du p\u00e9trole, vers 10H00, le baril de WTI am\u00e9ricain reculait de 2,48% \u00e0 65,73 dollars et celui de Brent de la mer du Nord de 2,50% \u00e0 66,80 dollars.\n<\/p>\n<p>\n \u00ab\u00a0Ce recul brutal refl\u00e8te l&rsquo;att\u00e9nuation des craintes que l&rsquo;Iran perturbe les flux de p\u00e9trole et de gaz \u00e0 travers le d\u00e9troit d&rsquo;Ormuz\u00a0\u00bb, au large de l&rsquo;Iran, par o\u00f9 passe 20% de la production p\u00e9troli\u00e8re mondiale, explique Ipek Ozkardeskaya, analyste de Swissquote Bank.\n<\/p>\n<p>\n La baisse des prix du p\u00e9trole faisait reculait l&rsquo;action du g\u00e9ant p\u00e9trolier fran\u00e7ais<br \/>\n <a href=\"https:\/\/www.boursorama.com\/cours\/1rPTTE\/\" rel=\"nofollow noopener\" target=\"_blank\"><br \/>\n  TotalEnergies<br \/>\n <\/a><br \/>\n de 3,45% \u00e0 52,41 euros.\n<\/p>\n<p>\n A l&rsquo;inverse, la perspective d&rsquo;une d\u00e9sescalade des tensions g\u00e9opolitiques soutenait les valeurs li\u00e9es au tourisme. Parmi elles, Air France-KLM s&rsquo;envolait de 9,65% \u00e0 8,52 euros,<br \/>\n <a href=\"https:\/\/www.boursorama.com\/cours\/1rPAC\/\" rel=\"nofollow noopener\" target=\"_blank\"><br \/>\n  Accor<br \/>\n <\/a><br \/>\n prenait 4,29% \u00e0 43,53 euros et<br \/>\n <a href=\"https:\/\/www.boursorama.com\/cours\/1rPTRI\/\" rel=\"nofollow noopener\" target=\"_blank\"><br \/>\n  Trigano<br \/>\n <\/a><br \/>\n 2,66% \u00e0 138,70 euros.\n<\/p>\n<p> <a href=\"https:\/\/www.boursorama.com\/cours\/1rPALO\/\" rel=\"nofollow noopener\" target=\"_blank\"><br \/>\n  Alstom<br \/>\n <\/a><br \/>\n confirme un contrat \u00e0 1,7 md EUR<\/p>\n<p>\n Le constructeur ferroviaire Alstom bondissait de 6,47% \u00e0 19,58 euros vers 10H00, apr\u00e8s avoir confirm\u00e9 lundi une commande \u00e0 1,7 milliard d&rsquo;euros de SNCF Voyages pour 96 RER NG suppl\u00e9mentaires destin\u00e9s au RER D. \u00ab\u00a0Cette commande (&#8230;) s&rsquo;inscrit dans le contrat-cadre sign\u00e9 en 2017 entre SNCF Voyageurs et Alstom\u00a0\u00bb et porte \u00e0 \u00ab\u00a0262 le nombre total de RER NG command\u00e9s, pr\u00e9cise le communiqu\u00e9 du groupe.\n<\/p>\n<p>\n Le groupe FDJ United, nouveau nom de la Fran\u00e7aise des Jeux, gagnait 2,46% \u00e0 33,32 euros, apr\u00e8s avoir annonc\u00e9 viser sur la p\u00e9riode 2025-2028 une croissance organique annuelle moyenne de son chiffre d&rsquo;affaires d&rsquo;environ 5%, selon un communiqu\u00e9 publi\u00e9 mardi \u00e0 l&rsquo;occasion de la pr\u00e9sentation d&rsquo;un nouveau plan strat\u00e9gique aux investisseurs.\n<\/p>\n<p>\n Euronext CAC40<\/p>\n","protected":false},"excerpt":{"rendered":"La salle de contr\u00f4le d&rsquo;Euronext, soci\u00e9t\u00e9 qui g\u00e8re la Bourse de Paris ( AFP \/ ERIC PIERMONT )&hellip;\n","protected":false},"author":2,"featured_media":200284,"comment_status":"","ping_status":"","sticky":false,"template":"","format":"standard","meta":{"footnotes":""},"categories":[1888],"tags":[400,11,398,408,405,1777,674,1011,27,403,402,399,404,12,626,25,401,406,407],"class_list":{"0":"post-200283","1":"post","2":"type-post","3":"status-publish","4":"format-standard","5":"has-post-thumbnail","7":"category-paris","8":"tag-action-cac-40","9":"tag-actualites","10":"tag-bourse-de-paris","11":"tag-boursorama","12":"tag-cotations","13":"tag-eu","14":"tag-europe","15":"tag-fr","16":"tag-france","17":"tag-indices-devises","18":"tag-investir","19":"tag-investissement","20":"tag-marche-boursier","21":"tag-news","22":"tag-paris","23":"tag-republique-francaise","24":"tag-sicav","25":"tag-trackers","26":"tag-warrants"},"share_on_mastodon":{"url":"https:\/\/pubeurope.com\/@fr\/114737420939551181","error":""},"_links":{"self":[{"href":"https:\/\/www.europesays.com\/fr\/wp-json\/wp\/v2\/posts\/200283","targetHints":{"allow":["GET"]}}],"collection":[{"href":"https:\/\/www.europesays.com\/fr\/wp-json\/wp\/v2\/posts"}],"about":[{"href":"https:\/\/www.europesays.com\/fr\/wp-json\/wp\/v2\/types\/post"}],"author":[{"embeddable":true,"href":"https:\/\/www.europesays.com\/fr\/wp-json\/wp\/v2\/users\/2"}],"replies":[{"embeddable":true,"href":"https:\/\/www.europesays.com\/fr\/wp-json\/wp\/v2\/comments?post=200283"}],"version-history":[{"count":0,"href":"https:\/\/www.europesays.com\/fr\/wp-json\/wp\/v2\/posts\/200283\/revisions"}],"wp:featuredmedia":[{"embeddable":true,"href":"https:\/\/www.europesays.com\/fr\/wp-json\/wp\/v2\/media\/200284"}],"wp:attachment":[{"href":"https:\/\/www.europesays.com\/fr\/wp-json\/wp\/v2\/media?parent=200283"}],"wp:term":[{"taxonomy":"category","embeddable":true,"href":"https:\/\/www.europesays.com\/fr\/wp-json\/wp\/v2\/categories?post=200283"},{"taxonomy":"post_tag","embeddable":true,"href":"https:\/\/www.europesays.com\/fr\/wp-json\/wp\/v2\/tags?post=200283"}],"curies":[{"name":"wp","href":"https:\/\/api.w.org\/{rel}","templated":true}]}}