{"id":200287,"date":"2025-06-24T08:35:11","date_gmt":"2025-06-24T08:35:11","guid":{"rendered":"https:\/\/www.europesays.com\/fr\/200287\/"},"modified":"2025-06-24T08:35:11","modified_gmt":"2025-06-24T08:35:11","slug":"un-soldat-russe-raconte-la-guerre-en-ukraine","status":"publish","type":"post","link":"https:\/\/www.europesays.com\/fr\/200287\/","title":{"rendered":"un soldat russe raconte la guerre en Ukraine"},"content":{"rendered":"<p class=\"latino-300b text-grey-800\">\n<p>  Propos recueillis par<br \/>\n<a href=\"https:\/\/www.nouvelobs.com\/journaliste\/495\/doan-bui.html\" class=\"text-decoration-none link--box d-inline\" target=\"_blank\" rel=\"noopener\">Doan Bui<\/a>                <\/p>\n<p class=\"latino-300r text-grey-600\">\n      Publi\u00e9 le<\/p>\n<p>    23 juin 2025 \u00e0 19h30, mis \u00e0 jour le<\/p>\n<p>      24 juin 2025 \u00e0 10h28\n  <\/p>\n<p>      <img fetchpriority=\"high\" decoding=\"async\" class=\"mx-auto\" src=\"data:image\/svg+xml,%3Csvg%20xmlns%3D%27http%3A%2F%2Fwww.w3.org%2F2000%2Fsvg%27%20fill%3D%22%23e4e4e4%22%20viewBox%3D%270%200%20510%20340%27%20width%3D%22510%22%20height%3D%22340%22%3E%3Cpath%20d%3D%27M0%200h510v340H0z%27%2F%3E%3C%2Fsvg%3E\"  loading=\"eager\" width=\"510\" height=\"340\" data-oncrawl-image-size=\"510x340\" alt=\"Enr\u00f4l\u00e9 dans l\u2019arm\u00e9e russe et envoy\u00e9 en premi\u00e8re ligne sur le front ukrainien, ce soldat a \u00e9t\u00e9 fait prisonnier. Il se bat d\u00e9sormais aux c\u00f4t\u00e9s des Ukrainiens, au sein d\u2019un r\u00e9giment de volontaires internationaux. Ici, le 4\u00a0juin 2025.\"\/>      <\/p>\n<p class=\"latino-100m text-grey-600\">\n            Enr\u00f4l\u00e9 dans l\u2019arm\u00e9e russe et envoy\u00e9 en premi\u00e8re ligne sur le front ukrainien, ce soldat a \u00e9t\u00e9 fait prisonnier. Il se bat d\u00e9sormais aux c\u00f4t\u00e9s des Ukrainiens, au sein d\u2019un r\u00e9giment de volontaires internationaux. Ici, le 4\u00a0juin 2025.\u00a0JAN JURCZAK POUR \u00ab\u00a0LE NOUVEL OBS\u00a0\u00bb        <\/p>\n<p><a aria-label=\"Nous suivre sur Google News\" href=\"https:\/\/news.google.com\/publications\/CAAqBwgKMJe4nQkw3dFs?hl=fr&amp;gl=FR&amp;ceid=FR%3Afr\" target=\"_blank\" data-piano=\"Page_Article,Sous_date_publi,Nous_suivre_sur_google_news,1er_clic,action\" class=\"btn btn--small btn--tertiary btn--icon-only\" rel=\"noopener\"><\/p>\n<p>      Google Actualit\u00e9s<br \/>\n  <\/a><\/p>\n<p>  Partager<\/p>\n<p>        Facebook<\/p>\n<p>        Bluesky<\/p>\n<p>        E-mail<\/p>\n<p>        Copier le lien<\/p>\n<p>      Envoyer<\/p>\n<p>  S\u2019abonner pour lire<\/p>\n<p>    Temps de lecture\u00a0:\u00a08\u00a0min.<\/p>\n<p class=\"badge badge--content-premium latino-100b\">Abonn\u00e9<\/p>\n<p class=\"article__description latino-600m mb-8 mb-lg-30 \" data-oncrawl-chapo-length=\"214\">\n  \t  T\u00e9moignage\u00a0<br \/>\n    Dans un h\u00f4pital de Kiev, \u00ab\u00a0le Nouvel Obs\u00a0\u00bb a rencontr\u00e9 un soldat russe qui a d\u00e9sert\u00e9. C\u2019est en prison qu\u2019il a \u00e9t\u00e9 mobilis\u00e9 puis, apr\u00e8s une formation express, envoy\u00e9 au front. Un soldat \u00ab\u00a0chair \u00e0 canon\u00a0\u00bb.<\/p>\n<p class=\"node__paragraphe antonia-750r text-grey-800 pb-24 pb-md-30\">\nLa guerre ressemble \u00e0 un couloir d\u2019h\u00f4pital o\u00f9 clopinent des amput\u00e9s. Dans le service d\u2019orthop\u00e9die du docteur Ruslan Litvinienko, dans la banlieue de Kiev, il suffit d\u2019ouvrir la porte d\u2019une chambre et les r\u00e9cits du front vous sautent \u00e0 la gorge. Car c\u2019est une chose que de parler de mines, de tirs d\u2019artillerie et de drones, une autre que de voir ce que \u00e7a fait \u00e0 un corps.<\/p>\n<p class=\"node__paragraphe antonia-750r text-grey-800 pb-8\">\nIci, les histoires n\u2019ont pas forc\u00e9ment de drapeau. Il y a quelques mois, l\u2019une des chambres \u00e9tait gard\u00e9e par les forces de l\u2019ordre\u00a0: un prisonnier de guerre russe \u00e9tait soign\u00e9 pour une blessure. Le docteur Ruslan Litvinienko a la m\u00e9moire des plaies, des jambes coup\u00e9es, des bras amput\u00e9s, mais aussi des fragments d\u2019histoires racont\u00e9es en ukrainien ou en russe. Comme celle d\u2019Igor, un soldat russe qui a d\u00e9sert\u00e9 et qu\u2019on a rencontr\u00e9 \u00e0 l\u2019h\u00f4pital, alor\u2026<\/p>\n<p class=\"latino-100m text-blue-400\">Article r\u00e9serv\u00e9 aux abonn\u00e9s.<\/p>\n<p>          Se connecter<\/p>\n<p class=\"text-center antonia-1850c\" style=\"margin-bottom:4px;\">Envie de lire la suite ?<\/p>\n<p class=\"text-center antonia-800c pb-15\">Tous nos articles en int\u00e9gralit\u00e9 d\u00e8s\u00a01\u20ac<\/p>\n<p>        S&rsquo;abonner<\/p>\n<p class=\"text-grey-700 or\">ou<\/p>\n<p>            <img width=\"164\" height=\"20\" src=\"data:image\/svg+xml,%3Csvg%20xmlns%3D%27http%3A%2F%2Fwww.w3.org%2F2000%2Fsvg%27%20fill%3D%22%23e4e4e4%22%20viewBox%3D%270%200%20282%2054%27%20width%3D%22282%22%20height%3D%2254%22%3E%3Cpath%20d%3D%27M0%200h282v54H0z%27%2F%3E%3C%2Fsvg%3E\"  class=\"js-swg-placeholder\" alt=\"Subscribe with Google\" loading=\"lazy\" decoding=\"async\"\/><\/p>\n<p>          D\u00e9couvrir toutes nos offres<\/p>\n","protected":false},"excerpt":{"rendered":"Propos recueillis par Doan Bui Publi\u00e9 le 23 juin 2025 \u00e0 19h30, mis \u00e0 jour le 24 juin&hellip;\n","protected":false},"author":2,"featured_media":200288,"comment_status":"","ping_status":"","sticky":false,"template":"","format":"standard","meta":{"footnotes":""},"categories":[1590],"tags":[17,11,33963,1777,674,1146,131,33964,74,12,9068,8013,2049,220,11994],"class_list":{"0":"post-200287","1":"post","2":"type-post","3":"status-publish","4":"format-standard","5":"has-post-thumbnail","7":"category-ukraine","8":"tag-17","9":"tag-actualites","10":"tag-etais","11":"tag-eu","12":"tag-europe","13":"tag-guerre","14":"tag-guerre-en-ukraine","15":"tag-hachoir","16":"tag-monde","17":"tag-news","18":"tag-raconte","19":"tag-russe","20":"tag-soldat","21":"tag-ukraine","22":"tag-viande"},"share_on_mastodon":{"url":"https:\/\/pubeurope.com\/@fr\/114737428959053568","error":""},"_links":{"self":[{"href":"https:\/\/www.europesays.com\/fr\/wp-json\/wp\/v2\/posts\/200287","targetHints":{"allow":["GET"]}}],"collection":[{"href":"https:\/\/www.europesays.com\/fr\/wp-json\/wp\/v2\/posts"}],"about":[{"href":"https:\/\/www.europesays.com\/fr\/wp-json\/wp\/v2\/types\/post"}],"author":[{"embeddable":true,"href":"https:\/\/www.europesays.com\/fr\/wp-json\/wp\/v2\/users\/2"}],"replies":[{"embeddable":true,"href":"https:\/\/www.europesays.com\/fr\/wp-json\/wp\/v2\/comments?post=200287"}],"version-history":[{"count":0,"href":"https:\/\/www.europesays.com\/fr\/wp-json\/wp\/v2\/posts\/200287\/revisions"}],"wp:featuredmedia":[{"embeddable":true,"href":"https:\/\/www.europesays.com\/fr\/wp-json\/wp\/v2\/media\/200288"}],"wp:attachment":[{"href":"https:\/\/www.europesays.com\/fr\/wp-json\/wp\/v2\/media?parent=200287"}],"wp:term":[{"taxonomy":"category","embeddable":true,"href":"https:\/\/www.europesays.com\/fr\/wp-json\/wp\/v2\/categories?post=200287"},{"taxonomy":"post_tag","embeddable":true,"href":"https:\/\/www.europesays.com\/fr\/wp-json\/wp\/v2\/tags?post=200287"}],"curies":[{"name":"wp","href":"https:\/\/api.w.org\/{rel}","templated":true}]}}