{"id":200289,"date":"2025-06-24T08:36:10","date_gmt":"2025-06-24T08:36:10","guid":{"rendered":"https:\/\/www.europesays.com\/fr\/200289\/"},"modified":"2025-06-24T08:36:10","modified_gmt":"2025-06-24T08:36:10","slug":"sara-burack-agente-immobiliere-star-de-netflix-est-decedee-apres-avoir-ete-renversee-par-un-chauffard","status":"publish","type":"post","link":"https:\/\/www.europesays.com\/fr\/200289\/","title":{"rendered":"Sara Burack, agente immobili\u00e8re star de Netflix est d\u00e9c\u00e9d\u00e9e apr\u00e8s avoir \u00e9t\u00e9 renvers\u00e9e par un chauffard"},"content":{"rendered":"<p>Sara Burack, une Am\u00e9ricaine de 40 ans \u00e9tait devenue <a href=\"https:\/\/www.laprovence.com\/article\/societe\/3414583056748614\/10-ans-de-netflix-en-france-cest-addictif-la-plateforme-a-transforme-notre-maniere-de-consommer-les-series\" target=\"_blank\" rel=\"noopener\">une star sur Netflix<\/a>, apr\u00e8s avoir \u00e9t\u00e9 r\u00e9v\u00e9l\u00e9e dans l&rsquo;\u00e9mission Million Dollar Beach House, dans laquelle les spectateurs suivaient son quotidien <a href=\"https:\/\/www.laprovence.com\/article\/region\/17659802727487\/lagence-sur-netflix-nous-reviendrons-a-marseille-pour-la-saison-6-confie-valentin-kretz\" target=\"_blank\" rel=\"noopener\">d&rsquo;agente immobili\u00e8re.<\/a><\/p>\n<p>La s\u00e9rie de t\u00e9l\u00e9r\u00e9alit\u00e9 a pour slogan\u00a0:\u00a0 \u00ab\u00a0Quand d&rsquo;ambitieux agents immobiliers essaient de conclure des ventes de biens luxueux dans les Hamptons, la comp\u00e9tition est rude et les psychodrames quotidiens\u00a0\u00bb.<\/p>\n<p>Le 19 juin dernier, la quadrag\u00e9naire a \u00e9t\u00e9 renvers\u00e9e par une voiture, dans les Hamptons, sur Long Island, dans l&rsquo;\u00c9tat de New York, rapporte Le Parisien, qui cite <a href=\"https:\/\/www.nbcnews.com\/news\/us-news\/sara-burack-star-netflixs-million-dollar-beach-house-killed-apparent-h-rcna214143\" target=\"_blank\" rel=\"noopener\">NBC News<\/a>.<\/p>\n<p>Elle a succomb\u00e9 \u00e0 ses blessures<\/p>\n<p>Dans la nuit jeudi, Sara Burack a \u00e9t\u00e9 retrouv\u00e9e inanim\u00e9e sur la route, pr\u00e8s d&rsquo;un restaurant de Hampton Bays. La victime \u00e9tait \u00ab\u00a0inconsciente et tr\u00e8s s\u00e9rieusement bless\u00e9e apr\u00e8s avoir \u00e9t\u00e9 probablement renvers\u00e9e par un v\u00e9hicule qui a pris la fuite\u00a0\u00bb, a expliqu\u00e9 la police. Hospitalis\u00e9e dans un \u00e9tat grave, la quadrag\u00e9naire a \u00e9t\u00e9 d\u00e9clar\u00e9e morte quelques heures plus tard.<\/p>\n<p>D&rsquo;importantes op\u00e9rations de recherche ont \u00e9t\u00e9 organis\u00e9es pour retrouver le chauffeur en fuite. Il s&rsquo;agirait d&rsquo;une femme de 32 ans, cette derni\u00e8re a \u00e9t\u00e9 pr\u00e9sent\u00e9e \u00e0 la justice samedi 21 juin. Elle est poursuivie pour avoir provoqu\u00e9 un accident mortel, suivi d&rsquo;un d\u00e9lit de fuite.<\/p>\n<p>La trentenaire a plaid\u00e9 non-coupable, elle a \u00e9t\u00e9 rel\u00e2ch\u00e9e sous caution. Elle risque sept ans de prison si elle est reconnue coupable d&rsquo;avoir quitt\u00e9 les lieux d&rsquo;un accident de la route ayant entra\u00een\u00e9 la mort<\/p>\n","protected":false},"excerpt":{"rendered":"Sara Burack, une Am\u00e9ricaine de 40 ans \u00e9tait devenue une star sur Netflix, apr\u00e8s avoir \u00e9t\u00e9 r\u00e9v\u00e9l\u00e9e dans&hellip;\n","protected":false},"author":2,"featured_media":200290,"comment_status":"","ping_status":"","sticky":false,"template":"","format":"standard","meta":{"footnotes":""},"categories":[1589],"tags":[17,11,20268,33966,73,1866,329,21392,127,12,33965,974,1864,1865,1863,308],"class_list":{"0":"post-200289","1":"post","2":"type-post","3":"status-publish","4":"format-standard","5":"has-post-thumbnail","7":"category-etats-unis","8":"tag-17","9":"tag-actualites","10":"tag-agente","11":"tag-burack","12":"tag-etats-unis","13":"tag-etats-unis-damerique","14":"tag-france-monde","15":"tag-immobiliere","16":"tag-netflix","17":"tag-news","18":"tag-sara","19":"tag-star","20":"tag-united-states","21":"tag-united-states-of-america","22":"tag-us","23":"tag-usa"},"share_on_mastodon":{"url":"https:\/\/pubeurope.com\/@fr\/114737432844179027","error":""},"_links":{"self":[{"href":"https:\/\/www.europesays.com\/fr\/wp-json\/wp\/v2\/posts\/200289","targetHints":{"allow":["GET"]}}],"collection":[{"href":"https:\/\/www.europesays.com\/fr\/wp-json\/wp\/v2\/posts"}],"about":[{"href":"https:\/\/www.europesays.com\/fr\/wp-json\/wp\/v2\/types\/post"}],"author":[{"embeddable":true,"href":"https:\/\/www.europesays.com\/fr\/wp-json\/wp\/v2\/users\/2"}],"replies":[{"embeddable":true,"href":"https:\/\/www.europesays.com\/fr\/wp-json\/wp\/v2\/comments?post=200289"}],"version-history":[{"count":0,"href":"https:\/\/www.europesays.com\/fr\/wp-json\/wp\/v2\/posts\/200289\/revisions"}],"wp:featuredmedia":[{"embeddable":true,"href":"https:\/\/www.europesays.com\/fr\/wp-json\/wp\/v2\/media\/200290"}],"wp:attachment":[{"href":"https:\/\/www.europesays.com\/fr\/wp-json\/wp\/v2\/media?parent=200289"}],"wp:term":[{"taxonomy":"category","embeddable":true,"href":"https:\/\/www.europesays.com\/fr\/wp-json\/wp\/v2\/categories?post=200289"},{"taxonomy":"post_tag","embeddable":true,"href":"https:\/\/www.europesays.com\/fr\/wp-json\/wp\/v2\/tags?post=200289"}],"curies":[{"name":"wp","href":"https:\/\/api.w.org\/{rel}","templated":true}]}}