{"id":200297,"date":"2025-06-24T08:40:28","date_gmt":"2025-06-24T08:40:28","guid":{"rendered":"https:\/\/www.europesays.com\/fr\/200297\/"},"modified":"2025-06-24T08:40:28","modified_gmt":"2025-06-24T08:40:28","slug":"anthony-delon-a-eu-quatre-parents-il-revele-les-deux-autres-personnes-concernees-et-mireille-darc-nen-fait-pas-partie","status":"publish","type":"post","link":"https:\/\/www.europesays.com\/fr\/200297\/","title":{"rendered":"Anthony Delon a eu \u201cquatre parents\u201d : il r\u00e9v\u00e8le les deux autres personnes concern\u00e9es et Mireille Darc n&rsquo;en fait pas partie !"},"content":{"rendered":"<p>En pleine temp\u00eate judiciaire autour de l\u2019h\u00e9ritage d\u2019Alain Delon, son fils Anthony sort du silence. Dans le podcast Boom Boom, l\u2019acteur de 59 ans revient avec \u00e9motion sur son rapport \u00e0 la famille, rendant hommage non seulement \u00e0 ses parents biologiques, mais aussi \u00e0 deux figures qui l\u2019ont profond\u00e9ment marqu\u00e9.<\/p>\n<p>Alors que la succession d\u2019Alain Delon est au c\u0153ur d\u2019un bras de fer judiciaire impliquant les enfants d\u2019Ari Boulogne &#8211; <a href=\"https:\/\/www.voici.fr\/news-people\/heritage-dalain-delon-nouvelle-epine-dans-le-pied-danouchka-et-ses-freres-ils-pourraient-toucher-moins-que-prevu-806531\" target=\"_blank\" rel=\"noopener\">lesquels veulent faire reconna\u00eetre la filiation de leur p\u00e8re avec l\u2019acteur<\/a> -, Anthony Delon a choisi de son confier \u00e0 coeur ouvert. Invit\u00e9 du podcast Boom Boom, le fr\u00e8re d\u2019Anouchka et Alain-Fabien ne s\u2019est pas \u00e9tendu sur le conflit, mais a pr\u00e9f\u00e9r\u00e9 \u00e9voquer <strong>ce qui compte vraiment \u00e0 ses yeux : la famille. <\/strong>L\u2019occasion pour lui de faire une d\u00e9claration aussi touchante que surprenante sur ses\u2026 \u201cquatre parents\u201d. Car si Alain Delon et <a href=\"https:\/\/www.voici.fr\/bios-people\/nathalie-delon\" data-link-people=\"5ab3963b-96b9-4e0b-b996-01ed39b183d5\" target=\"_blank\" rel=\"noopener\">Nathalie Delon<\/a> occupent bien s\u00fbr une place centrale dans son c\u0153ur, <strong>deux autres personnes, moins connues du grand public<\/strong>, ont \u00e9galement jou\u00e9 un r\u00f4le fondateur dans sa vie. Des d\u00e9clarations qui \u00e9clairent d\u2019un jour nouveau l\u2019homme qu\u2019il est devenu : \u00e0 la fois h\u00e9ritier d\u2019un mythe et fils d\u2019une histoire plus complexe qu\u2019il n\u2019y para\u00eet.<\/p>\n<p><strong>\u201cIls me manquent beaucoup\u201d : Anthony Delon se confie sur ses deux parents non biologiques<\/strong><\/p>\n<p>Lors de cet entretien sur Youtube, Anthony Delon s\u2019est confi\u00e9 <strong>non pas sur ses deux mais ses quatre figures parentales<\/strong>, toutes aujourd\u2019hui disparues. \u201cJ\u2019ai perdu tous mes parents. J\u2019en ai perdu quatre. Donc cette derni\u00e8re ann\u00e9e, j\u2019en ai parl\u00e9 avec des amis et je leur ai dit : \u2019Tu vois, ce qui est une chance est aussi une mal\u00e9diction\u2019. <strong>J\u2019ai eu la chance d\u2019avoir quatre parents <\/strong>: mes deux parents biologiques, mon parrain (ndlr : l\u2019agent de stars Georges Beaume) et ma marraine, Loulou\u201c, explique l<a href=\"https:\/\/www.voici.fr\/news-people\/mort-dalain-delon-qui-sont-les-trois-filles-danthony-delon-788373\" target=\"_blank\" rel=\"noopener\">e papa d\u2019Alyson, Loup et Liv<\/a>. \u201cCe sont des gens qui m\u2019ont \u00e9lev\u00e9 et qui ont \u00e9t\u00e9 extraordinaires\u201d, ajoute-t-il, les \u00e9voquant comme des piliers rassurants dans un monde souvent instable. Qu\u2019ils soient biologiques ou choisis, ces parents de c\u0153ur et d\u2019\u00e2me l\u2019ont accompagn\u00e9 \u00e0 chaque \u00e9tape de sa vie.<\/p>\n<p>                                                                        <strong>Pourquoi Anthony Delon a-t-il en partie \u00e9t\u00e9 \u00e9lev\u00e9 par son parrain ? <\/strong><\/p>\n<p>Si Anthony Delon a \u00e9t\u00e9 \u00e9lev\u00e9 en partie par son parrain et sa marraine, <strong>c\u2019est parce qu\u2019il a v\u00e9cu avec eux au moment du divorce de ses parents Alain Delon et Nathalie.<\/strong> Mais s\u2019il \u00e9voque avec gratitude ces \u201cquatre parents\u201d, une figure manque pourtant \u00e0 l\u2019appel : celle de Mireille Darc. L\u2019actrice a partag\u00e9 la vie d\u2019Alain Delon pendant quinze ans, <a href=\"https:\/\/www.voici.fr\/news-people\/mireille-darc-comment-elle-protegeait-anthony-delon-de-son-pere-alain-delon-725232\" target=\"_blank\" rel=\"noopener\">devenant une pr\u00e9sence stable aux c\u00f4t\u00e9s du petit Anthony Delon<\/a>. Mais dans ses confidences, c\u2019est Georges Beaume qui incarne cette figure paternelle de substitution. <strong>\u201c<\/strong><strong>Il \u00e9tait mon parrain, ma colonne vert\u00e9brale<\/strong>, celui que je pouvais appeler \u00e0 n\u2019importe quelle heure du jour et de la nuit\u201d, avait-il d\u00e9j\u00e0 t\u00e9moign\u00e9 par le pass\u00e9. Une absence qui en dit long : si Mireille Darc a fait partie du d\u00e9cor, <strong>elle ne semble pas avoir eu le m\u00eame statut intime dans le c\u0153ur d\u2019Anthony<\/strong>. Un d\u00e9tail qui r\u00e9v\u00e8le, peut-\u00eatre, la complexit\u00e9 des liens tiss\u00e9s dans l\u2019ombre du clan Delon.<\/p>\n","protected":false},"excerpt":{"rendered":"En pleine temp\u00eate judiciaire autour de l\u2019h\u00e9ritage d\u2019Alain Delon, son fils Anthony sort du silence. Dans le podcast&hellip;\n","protected":false},"author":2,"featured_media":200298,"comment_status":"","ping_status":"","sticky":false,"template":"","format":"standard","meta":{"footnotes":""},"categories":[1586],"tags":[11,5960,22608,9260,1777,674,1779,652,1011,27,4879,33967,18,12,3306,25,1778,364],"class_list":{"0":"post-200297","1":"post","2":"type-post","3":"status-publish","4":"format-standard","5":"has-post-thumbnail","7":"category-europe","8":"tag-actualites","9":"tag-alain-delon","10":"tag-anthony-delon","11":"tag-confidences","12":"tag-eu","13":"tag-europe","14":"tag-european-union","15":"tag-famille","16":"tag-fr","17":"tag-france","18":"tag-hommage","19":"tag-mireille-darc","20":"tag-mort","21":"tag-news","22":"tag-parents","23":"tag-republique-francaise","24":"tag-ue","25":"tag-union-europeenne"},"share_on_mastodon":{"url":"https:\/\/pubeurope.com\/@fr\/114737448456577395","error":""},"_links":{"self":[{"href":"https:\/\/www.europesays.com\/fr\/wp-json\/wp\/v2\/posts\/200297","targetHints":{"allow":["GET"]}}],"collection":[{"href":"https:\/\/www.europesays.com\/fr\/wp-json\/wp\/v2\/posts"}],"about":[{"href":"https:\/\/www.europesays.com\/fr\/wp-json\/wp\/v2\/types\/post"}],"author":[{"embeddable":true,"href":"https:\/\/www.europesays.com\/fr\/wp-json\/wp\/v2\/users\/2"}],"replies":[{"embeddable":true,"href":"https:\/\/www.europesays.com\/fr\/wp-json\/wp\/v2\/comments?post=200297"}],"version-history":[{"count":0,"href":"https:\/\/www.europesays.com\/fr\/wp-json\/wp\/v2\/posts\/200297\/revisions"}],"wp:featuredmedia":[{"embeddable":true,"href":"https:\/\/www.europesays.com\/fr\/wp-json\/wp\/v2\/media\/200298"}],"wp:attachment":[{"href":"https:\/\/www.europesays.com\/fr\/wp-json\/wp\/v2\/media?parent=200297"}],"wp:term":[{"taxonomy":"category","embeddable":true,"href":"https:\/\/www.europesays.com\/fr\/wp-json\/wp\/v2\/categories?post=200297"},{"taxonomy":"post_tag","embeddable":true,"href":"https:\/\/www.europesays.com\/fr\/wp-json\/wp\/v2\/tags?post=200297"}],"curies":[{"name":"wp","href":"https:\/\/api.w.org\/{rel}","templated":true}]}}