{"id":200335,"date":"2025-06-24T09:01:10","date_gmt":"2025-06-24T09:01:10","guid":{"rendered":"https:\/\/www.europesays.com\/fr\/200335\/"},"modified":"2025-06-24T09:01:10","modified_gmt":"2025-06-24T09:01:10","slug":"tout-beau-tout-9-3-interdits-pour-cyril-hanouna-et-sa-bande","status":"publish","type":"post","link":"https:\/\/www.europesays.com\/fr\/200335\/","title":{"rendered":"\u00ab\u00a0Tout beau, tout 9\u00a0\u00bb : 3 interdits pour Cyril Hanouna et sa bande"},"content":{"rendered":"<p>L&rsquo;Autorit\u00e9 de r\u00e9gulation de la communication audiovisuelle et num\u00e9rique (Arcom) n&rsquo;aura pas r\u00e9ussi \u00e0 faire plier <a href=\"https:\/\/www.public.fr\/tag\/cyril-hanouna\" rel=\"nofollow noopener\" target=\"_blank\"><strong>Cyril Hanouna<\/strong><\/a>.<\/p>\n<p>Priv\u00e9 de la fr\u00e9quence de la huiti\u00e8me cha\u00eene, le trublion du PAF n&rsquo;a pas mis longtemps \u00e0 rebondir. C&rsquo;est d\u00e9sormais au sein du groupe <strong>M6<\/strong> qu&rsquo;il pr\u00e9pare son grand retour, pr\u00e9vu pour septembre prochain, avec <a href=\"https:\/\/www.public.fr\/tout-beau-tout-9-date-de-lancement-chroniqueurs-tout-ce-quil-faut-savoir-sur-la-nouvelle-emission-de-cyril-hanouna\" rel=\"nofollow noopener\" target=\"_blank\">un tout nouveau concept baptis\u00e9 <strong>Tout beau tout 9.<\/strong><\/a><\/p>\n<p>Cyril Hanouna bient\u00f4t sur W9<\/p>\n<p>\u00c0 quelques mois du lancement tr\u00e8s attendu de cette \u00e9mission in\u00e9dite, David Larramendy, pr\u00e9sident du directoire du groupe M6, s&rsquo;est confi\u00e9 dans les colonnes du Parisien. L&rsquo;occasion pour l&rsquo;homme d&rsquo;affaires d&rsquo;en dire davantage sur l&rsquo;arriv\u00e9e de son nouveau poulain sur <a href=\"https:\/\/www.instagram.com\/w9officiel\/?hl=fr\" target=\"_blank\" rel=\"noreferrer noopener nofollow\">W9<\/a>.<\/p>\n<p>\u00ab\u00a0Non. <strong>Il n&rsquo;y avait\u00a0pas de besoin ni de place sur cette antenne. L&rsquo;access de M6 fonctionne tr\u00e8s bien, celui de\u00a0W9, pour laquelle nous avons de\u00a0grandes ambitions, n\u00e9cessitait un virage et un programme fort. Avec Cyril, nous l&rsquo;avons<\/strong>\u00ab\u00a0, a-t-il tranch\u00e9. <\/p>\n<p>Une nouvelle \u00e9mission soumise \u00e0 des r\u00e8gles strictes<\/p>\n<p>D\u00e8s la rentr\u00e9e, <a href=\"https:\/\/www.public.fr\/genton-maire-montiel-hecatombe-dans-la-nouvelle-bande-de-cyril-hanouna-ces-chroniqueurs-qui-ne-seraient-pas-renouveles\" rel=\"nofollow noopener\" target=\"_blank\">Cyril Hanouna devrait retrouver Val\u00e9rie B\u00e9na\u00efm, Raymond Aabou, G\u00e9raldine Maillet et\u00a0Jordan De Luxe<\/a>, mais aussi accueillir de nouveaux visages comme J\u00e9r\u00f4me Anthony, Michel Mary ou Jade Leb\u0153uf. <\/p>\n<p>Si la composition de la future \u00e9quipe reste encore floue, certaines r\u00e8gles, elles, ont d\u00e9j\u00e0 \u00e9t\u00e9 \u00e9tablies. Il n&rsquo;y aura \u00ab\u00a0<strong>pas de promotion de fake news, pas de d\u00e9bat politis\u00e9, et pas d&rsquo;attaque ad hominem<\/strong>\u00ab\u00a0, a affirm\u00e9 David Larramendy. <\/p>\n<p>Malgr\u00e9 ce nouveau cadre, le pr\u00e9sident se veut rassurant : Cyril Hanouna devrait pouvoir conserver la libert\u00e9 de ton qui fait l&rsquo;identit\u00e9 du programme. \u00ab\u00a0<strong>En dehors de cela, il y aura beaucoup de libert\u00e9. On veut une \u00e9mission divertissante et poil \u00e0 gratter<\/strong>\u00ab\u00a0. <\/p>\n<p>D&rsquo;apr\u00e8s David Larramendy, Tout beau tout 9 devrait se calquer sur un format hybride entre divertissement et actualit\u00e9.<\/p>\n<p>L&rsquo;\u00e9mission \u00ab\u00a0rebondira sur l\u2019actualit\u00e9. Il pourra \u00e9voquer des sujets politiques, mais il faudra que\u00a0ce ne soit pas politis\u00e9.\u00a0\u00bb \u00ab\u00a0<strong>Tout beau tout neuf est un divertissement, pas une ar\u00e8ne politique.<\/strong>\u00a0\u00bb C&rsquo;est dit !<\/p>\n<p>      Mentionn\u00e9s dans cet article<\/p>\n<p>\u00c0 lire aussi<\/p>\n<p><script async src=\"\/\/www.instagram.com\/embed.js\"><\/script><\/p>\n","protected":false},"excerpt":{"rendered":"L&rsquo;Autorit\u00e9 de r\u00e9gulation de la communication audiovisuelle et num\u00e9rique (Arcom) n&rsquo;aura pas r\u00e9ussi \u00e0 faire plier Cyril Hanouna.&hellip;\n","protected":false},"author":2,"featured_media":200336,"comment_status":"","ping_status":"","sticky":false,"template":"","format":"standard","meta":{"footnotes":""},"categories":[8],"tags":[1083,58,59,1011,27,494,2395],"class_list":{"0":"post-200335","1":"post","2":"type-post","3":"status-publish","4":"format-standard","5":"has-post-thumbnail","7":"category-divertissement","8":"tag-cyril-hanouna","9":"tag-divertissement","10":"tag-entertainment","11":"tag-fr","12":"tag-france","13":"tag-m6","14":"tag-w9"},"share_on_mastodon":{"url":"https:\/\/pubeurope.com\/@fr\/114737531080905712","error":""},"_links":{"self":[{"href":"https:\/\/www.europesays.com\/fr\/wp-json\/wp\/v2\/posts\/200335","targetHints":{"allow":["GET"]}}],"collection":[{"href":"https:\/\/www.europesays.com\/fr\/wp-json\/wp\/v2\/posts"}],"about":[{"href":"https:\/\/www.europesays.com\/fr\/wp-json\/wp\/v2\/types\/post"}],"author":[{"embeddable":true,"href":"https:\/\/www.europesays.com\/fr\/wp-json\/wp\/v2\/users\/2"}],"replies":[{"embeddable":true,"href":"https:\/\/www.europesays.com\/fr\/wp-json\/wp\/v2\/comments?post=200335"}],"version-history":[{"count":0,"href":"https:\/\/www.europesays.com\/fr\/wp-json\/wp\/v2\/posts\/200335\/revisions"}],"wp:featuredmedia":[{"embeddable":true,"href":"https:\/\/www.europesays.com\/fr\/wp-json\/wp\/v2\/media\/200336"}],"wp:attachment":[{"href":"https:\/\/www.europesays.com\/fr\/wp-json\/wp\/v2\/media?parent=200335"}],"wp:term":[{"taxonomy":"category","embeddable":true,"href":"https:\/\/www.europesays.com\/fr\/wp-json\/wp\/v2\/categories?post=200335"},{"taxonomy":"post_tag","embeddable":true,"href":"https:\/\/www.europesays.com\/fr\/wp-json\/wp\/v2\/tags?post=200335"}],"curies":[{"name":"wp","href":"https:\/\/api.w.org\/{rel}","templated":true}]}}