{"id":200350,"date":"2025-06-24T09:09:10","date_gmt":"2025-06-24T09:09:10","guid":{"rendered":"https:\/\/www.europesays.com\/fr\/200350\/"},"modified":"2025-06-24T09:09:10","modified_gmt":"2025-06-24T09:09:10","slug":"au-quotidien-nous-sommes-soumis-a-la-violence-du-milieu-carceral","status":"publish","type":"post","link":"https:\/\/www.europesays.com\/fr\/200350\/","title":{"rendered":"\u00ab\u00a0Au quotidien, nous sommes soumis \u00e0 la violence du milieu carc\u00e9ral\u00a0\u00bb"},"content":{"rendered":"<p><strong>Les prisons sont actuellement la cible d\u2019une s\u00e9rie d\u2019attaques \u00e0 l\u2019arme \u00e0 feu. Comment ces faits impactent-ils le moral des agents de l\u2019administration p\u00e9nitentiaire\u00a0?<\/strong><\/p>\n<p>\u00ab\u00a0Ces actes d\u2019intimidation contre tous les fonctionnaires qui travaillent en milieu carc\u00e9ral accentuent le sentiment g\u00e9n\u00e9ral de peur et de vuln\u00e9rabilit\u00e9. Ils viennent s\u2019ajouter au traumatisme que nous avons v\u00e9cu en mai\u00a02024, lorsque deux agents ont \u00e9t\u00e9 assassin\u00e9s au p\u00e9age d\u2019Incarville (lors de l\u2019attaque ayant permis l\u2019\u00e9vasion de Mohamed Amra). Ces drames mettent \u00e0 mal toute notre profession.\u00a0\u00bb<\/p>\n<p><strong>Peut-on parler d\u2019une crise des vocations dans la p\u00e9nitentiaire\u00a0?<\/strong><\/p>\n<p>\u00ab\u00a0Oui, le m\u00e9tier de gardien de prison est tr\u00e8s difficile. Il n\u2019\u00e9tait d\u00e9j\u00e0 pas bien connu du grand public avant que la situation ne se d\u00e9t\u00e9riore. Aujourd\u2019hui, on est en manque d\u2019effectif partout alors que la population carc\u00e9rale ne cesse d\u2019augmenter.\u00a0\u00bb<\/p>\n<p><strong>Quels sont les chiffres en 2025\u00a0?<\/strong><\/p>\n<p>\u00ab\u00a0En France, on compte actuellement 82\u00a0000 personnes d\u00e9tenues, en attente d\u2019\u00eatre jug\u00e9es ou&#8230;<\/p>\n","protected":false},"excerpt":{"rendered":"Les prisons sont actuellement la cible d\u2019une s\u00e9rie d\u2019attaques \u00e0 l\u2019arme \u00e0 feu. Comment ces faits impactent-ils le&hellip;\n","protected":false},"author":2,"featured_media":200351,"comment_status":"","ping_status":"","sticky":false,"template":"","format":"standard","meta":{"footnotes":""},"categories":[9635],"tags":[1111,11,33522,1777,674,274,1011,27,329,775,1702,12,25],"class_list":{"0":"post-200350","1":"post","2":"type-post","3":"status-publish","4":"format-standard","5":"has-post-thumbnail","7":"category-nancy","8":"tag-actu","9":"tag-actualites","10":"tag-enquete-hors-service","11":"tag-eu","12":"tag-europe","13":"tag-faits-divers-justice","14":"tag-fr","15":"tag-france","16":"tag-france-monde","17":"tag-grand-est","18":"tag-nancy","19":"tag-news","20":"tag-republique-francaise"},"share_on_mastodon":{"url":"https:\/\/pubeurope.com\/@fr\/114737562888394791","error":""},"_links":{"self":[{"href":"https:\/\/www.europesays.com\/fr\/wp-json\/wp\/v2\/posts\/200350","targetHints":{"allow":["GET"]}}],"collection":[{"href":"https:\/\/www.europesays.com\/fr\/wp-json\/wp\/v2\/posts"}],"about":[{"href":"https:\/\/www.europesays.com\/fr\/wp-json\/wp\/v2\/types\/post"}],"author":[{"embeddable":true,"href":"https:\/\/www.europesays.com\/fr\/wp-json\/wp\/v2\/users\/2"}],"replies":[{"embeddable":true,"href":"https:\/\/www.europesays.com\/fr\/wp-json\/wp\/v2\/comments?post=200350"}],"version-history":[{"count":0,"href":"https:\/\/www.europesays.com\/fr\/wp-json\/wp\/v2\/posts\/200350\/revisions"}],"wp:featuredmedia":[{"embeddable":true,"href":"https:\/\/www.europesays.com\/fr\/wp-json\/wp\/v2\/media\/200351"}],"wp:attachment":[{"href":"https:\/\/www.europesays.com\/fr\/wp-json\/wp\/v2\/media?parent=200350"}],"wp:term":[{"taxonomy":"category","embeddable":true,"href":"https:\/\/www.europesays.com\/fr\/wp-json\/wp\/v2\/categories?post=200350"},{"taxonomy":"post_tag","embeddable":true,"href":"https:\/\/www.europesays.com\/fr\/wp-json\/wp\/v2\/tags?post=200350"}],"curies":[{"name":"wp","href":"https:\/\/api.w.org\/{rel}","templated":true}]}}