{"id":200353,"date":"2025-06-24T09:11:10","date_gmt":"2025-06-24T09:11:10","guid":{"rendered":"https:\/\/www.europesays.com\/fr\/200353\/"},"modified":"2025-06-24T09:11:10","modified_gmt":"2025-06-24T09:11:10","slug":"au-pradet-400-coureurs-pour-la-premiere-edition-de-la-balada-blua","status":"publish","type":"post","link":"https:\/\/www.europesays.com\/fr\/200353\/","title":{"rendered":"Au Pradet, 400 coureurs pour la premi\u00e8re \u00e9dition de la Balada Blua"},"content":{"rendered":"<p>                    <img loading=\"lazy\" decoding=\"async\" src=\"https:\/\/www.europesays.com\/fr\/wp-content\/uploads\/2025\/06\/d5764134ad2731b14ac5a35c67fc14.jpg\" class=\"img-responsive post-image\" width=\"680\" height=\"510\" alt=\"Au Pradet, 400 coureurs\" title=\"Au Pradet, 400 coureurs pour la premi\u00e8re \u00e9dition de la Balada Blua\"\/><\/p>\n<p class=\"chapo\">Au compteur pr\u00e8s de 400 participants r\u00e9partis, sur trois parcours, le 9,6 km, le 15,6 km et la marche nordique.<\/p>\n<p>Le lundi de P\u00e2ques, le littoral a vibr\u00e9 au rythme des foul\u00e9es de la premi\u00e8re \u00e9dition de la Balada Blua, une course p\u00e9destre qui a s\u00e9duit autant par son trac\u00e9 que par son ambiance avec la participation de la marraine Amandine Ferrato, vice-championne du monde de trail\u00a0!<\/p>\n<p>Le parcours in\u00e9dit a offert aux coureurs un d\u00e9cor exceptionnel. Depuis les plages embl\u00e9matiques de Monaco, des Bonnettes, de la Garonne et des Oursini\u00e8res jusqu\u2019\u00e0 la mine de Cap Garonne et au fort de la Gavaresse, les participants ont d\u00e9couvert ou red\u00e9couvert les tr\u00e9sors naturels de la commune, avant une arriv\u00e9e fix\u00e9e \u00e0 l\u2019Espace des Arts.<\/p>\n<p>Organis\u00e9 par le club du Cap Garonne, l\u2019\u00e9v\u00e9nement a rassembl\u00e9 des sportifs, des familles et des b\u00e9n\u00e9voles dans une atmosph\u00e8re conviviale et chaleureuse. D\u2019autant que le soleil \u00e9tait au rendez-vous pour sublimer un parcours jug\u00e9 \u00ab\u00a0magnifique\u00a0\u00bb par de nombreux participants. Les retours positifs ont afflu\u00e9 tout au long de la journ\u00e9e.<\/p>\n<p>Le club de Cap Garonne remercie les personnes qui ont contribu\u00e9 \u00e0 la r\u00e9ussite de cette premi\u00e8re \u00e9dition et, notamment, la Ville du Pradet, les membres du club, les amis, les familles, l\u2019amicale du CCFF, le personnel de la FRAT ainsi que tous les b\u00e9n\u00e9voles et les coureurs pr\u00e9sents.<\/p>\n<p>Un beau d\u00e9part pour cette Balada Blua, qui semble promise \u00e0 un bel avenir. Rendez-vous l\u2019ann\u00e9e prochaine\u00a0!<\/p>\n<p><br class=\"autobr\"\/><br \/>\n<strong>Les r\u00e9sultats <\/strong> <br class=\"autobr\"\/><br \/>\nCourse 9,6 km\u00a0: 1er Thomas BALISE.<br class=\"autobr\"\/><br \/>\nCourse 15,6 km\u00a0: 1er Julien NAVARRO.<br class=\"autobr\"\/><br \/>\nMarche nordique\u00a0: 1er Lo\u00efc GUILLAUME.<\/p>\n<p>Photo de Une \u00a9 PRESSE AGENCE.<\/p>\n","protected":false},"excerpt":{"rendered":"Au compteur pr\u00e8s de 400 participants r\u00e9partis, sur trois parcours, le 9,6 km, le 15,6 km et la&hellip;\n","protected":false},"author":2,"featured_media":200354,"comment_status":"","ping_status":"","sticky":false,"template":"","format":"standard","meta":{"footnotes":""},"categories":[9619],"tags":[1111,11,2408,1777,674,1011,27,12,882,25,2310],"class_list":{"0":"post-200353","1":"post","2":"type-post","3":"status-publish","4":"format-standard","5":"has-post-thumbnail","7":"category-toulon","8":"tag-actu","9":"tag-actualites","10":"tag-appels-d","11":"tag-eu","12":"tag-europe","13":"tag-fr","14":"tag-france","15":"tag-news","16":"tag-provence-alpes-cote-dazur","17":"tag-republique-francaise","18":"tag-toulon"},"share_on_mastodon":{"url":"https:\/\/pubeurope.com\/@fr\/114737570380200617","error":""},"_links":{"self":[{"href":"https:\/\/www.europesays.com\/fr\/wp-json\/wp\/v2\/posts\/200353","targetHints":{"allow":["GET"]}}],"collection":[{"href":"https:\/\/www.europesays.com\/fr\/wp-json\/wp\/v2\/posts"}],"about":[{"href":"https:\/\/www.europesays.com\/fr\/wp-json\/wp\/v2\/types\/post"}],"author":[{"embeddable":true,"href":"https:\/\/www.europesays.com\/fr\/wp-json\/wp\/v2\/users\/2"}],"replies":[{"embeddable":true,"href":"https:\/\/www.europesays.com\/fr\/wp-json\/wp\/v2\/comments?post=200353"}],"version-history":[{"count":0,"href":"https:\/\/www.europesays.com\/fr\/wp-json\/wp\/v2\/posts\/200353\/revisions"}],"wp:featuredmedia":[{"embeddable":true,"href":"https:\/\/www.europesays.com\/fr\/wp-json\/wp\/v2\/media\/200354"}],"wp:attachment":[{"href":"https:\/\/www.europesays.com\/fr\/wp-json\/wp\/v2\/media?parent=200353"}],"wp:term":[{"taxonomy":"category","embeddable":true,"href":"https:\/\/www.europesays.com\/fr\/wp-json\/wp\/v2\/categories?post=200353"},{"taxonomy":"post_tag","embeddable":true,"href":"https:\/\/www.europesays.com\/fr\/wp-json\/wp\/v2\/tags?post=200353"}],"curies":[{"name":"wp","href":"https:\/\/api.w.org\/{rel}","templated":true}]}}