{"id":200362,"date":"2025-06-24T09:19:12","date_gmt":"2025-06-24T09:19:12","guid":{"rendered":"https:\/\/www.europesays.com\/fr\/200362\/"},"modified":"2025-06-24T09:19:12","modified_gmt":"2025-06-24T09:19:12","slug":"des-nouveautes-au-festival-du-film-court-en-plein-air-a-grenoble","status":"publish","type":"post","link":"https:\/\/www.europesays.com\/fr\/200362\/","title":{"rendered":"Des nouveaut\u00e9s au festival du film court en plein air \u00e0 Grenoble"},"content":{"rendered":"<p>Menac\u00e9 de disparition il y a deux ans du fait d&rsquo;une <a href=\"https:\/\/mesinfos.fr\/38000-grenoble\/grenoble-des-voix-selevent-en-soutien-au-festival-du-film-court-en-plein-air-179299.html\" rel=\"noopener\" target=\"_blank\">coupe importante de subventions<\/a> de la part de la R\u00e9gion Auvergne-Rh\u00f4ne-Alpes, le <strong>festival du film court en plein air de Grenoble <\/strong>r\u00e9siste avec une <strong>48e \u00e9dition<\/strong> qui se d\u00e9roulera du <strong>mercredi 25 au samedi 28 juin 2025<\/strong>. Organis\u00e9 par la Cin\u00e9math\u00e8que de Grenoble, soutenue par pr\u00e8s de 100 b\u00e9n\u00e9voles, l&rsquo;\u00e9v\u00e9nement principalement gratuit, s&rsquo;annonce riche en temps forts et en nouveaut\u00e9s. <\/p>\n<p>Festival du film court en plein air de Grenoble : 80 films \u00e0 d\u00e9couvrir du 25 au 28 juin 2025 <img decoding=\"async\" alt=\"\" data-zoomable=\"\" height=\"1501\" loading=\"lazy\" src=\"https:\/\/www.europesays.com\/fr\/wp-content\/uploads\/2025\/06\/img-20250620-165709.jpg\" title=\"\u00a9 Thomas Richardson - La cin\u00e9math\u00e8que de Grenoble organise la 48e \u00e9dition du festival du court-m\u00e9trage en plein air de Grenoble, du mercredi 25 au samedi 28 juin 2026.\" width=\"2000\"\/> \u00a9 Thomas Richardson &#8211; La cin\u00e9math\u00e8que de Grenoble organise la 48e \u00e9dition du festival du court-m\u00e9trage en plein air de Grenoble, du mercredi 25 au samedi 28 juin 2026. <\/p>\n<p>Pas moins de <strong>80 films<\/strong> en provenance d&rsquo;un peu partout dans le monde seront \u00e0 (re)d\u00e9couvrir tout au long des quatre jours. Parmi eux, 73 sont programm\u00e9s en <strong>comp\u00e9tition<\/strong> dont 20 dans la <strong>cat\u00e9gorie jeune public<\/strong>. <\/p>\n<p>Les projections auront lieu au <strong>cin\u00e9ma Juliet-Berto<\/strong> et, sp\u00e9cificit\u00e9 du festival, \u00e9galement en plein air. Ces projections en ext\u00e9rieur sont programm\u00e9es mercredi, jeudi, vendredi \u00e0 22h au <strong>jardin de ville,<\/strong> et samedi \u00e0 22h, <strong>place d&rsquo;Agier<\/strong> (pour la projection du palmar\u00e8s). Une cinqui\u00e8me date est pr\u00e9vue jeudi 10 juillet \u00e0 21h45, au <a href=\"https:\/\/mesinfos.fr\/38000-grenoble\/musee-dauphinois-a-grenoble-ce-qui-change-dans-l-exposition-permanente-186394.html\" rel=\"noopener\" target=\"_blank\">Mus\u00e9e dauphinois<\/a>. <\/p>\n<p>La traditionnelle <strong>Nuit blanche<\/strong> se d\u00e9roulera cette ann\u00e9e au <strong>fort de la Bastille<\/strong>, en plein air, avec une th\u00e9matique rock&rsquo;n&rsquo;roll et une programmation concoct\u00e9e par St\u00e9phane Kahn et l&rsquo;Agence du court-m\u00e9trage. Le public est invit\u00e9 \u00e0 venir \u00e0 partir de 23 h avec sa chaise de camping, son matelas outdoor, sa lampe torche et son thermos, pour b\u00e9n\u00e9ficier pleinement de ce <strong>cin\u00e9-bivouac<\/strong> jusqu&rsquo;au lever du soleil. Pour ceux qui pr\u00e9f\u00e8rent leur confort, la Nuit blanche est \u00e9galement programm\u00e9e au cin\u00e9ma Juliet-Berto. Ces deux s\u00e9ances sont sur r\u00e9servation et payantes : 10 euros, petit-d\u00e9jeuner compris.<\/p>\n<p> Nicolas Philibert viendra pr\u00e9senter son film N\u00e9nette plus un court-m\u00e9trage \u00e0 Grenoble <\/p>\n<p>Les amateurs de films \u00e9tranges ou excessifs se pr\u00e9cipiteront \u00e0 la s\u00e9ance intitul\u00e9e Too much but too good, (trop mais trop bon), le jeudi 26 juin \u00e0 partir de 20 h au cin\u00e9ma Le Club (tarif : un euro). <\/p>\n<p>Une <strong>table-ronde<\/strong> gratuite aura lieu vendredi, \u00e0 12h30, en pr\u00e9sence notamment des r\u00e9alisateurs <strong>S\u00e9bastien Betbeder,<\/strong> No\u00e9 Coussot et J\u00e9r\u00e9mie Lamouroux et aura pour sujet : quelles sont les contraintes et les libert\u00e9s qu&rsquo;offrent un film d&rsquo;atelier ? <\/p>\n<p>Parmi les <strong>nouveaut\u00e9s<\/strong>, on citera le retour de la s\u00e9ance Un court, un long. Le principe, un cin\u00e9aste vient pr\u00e9senter un court-m\u00e9trage et un long-m\u00e9trage qui dialoguent ensemble. <strong>Nicolas Philibert <\/strong>(\u00catre et avoir, Sur l&rsquo;Adamant&#8230;) viendra parler de N\u00e9nette (2010), documentaire sur une orang-outan, doyenne de la m\u00e9nagerie du jardin des plantes. Puis, il montrera La projection (2010), d&rsquo;une dur\u00e9e de huit minutes, dans lequel N\u00e9nette assiste \u00e0 la projection, huit mois apr\u00e8s sa sortie en salles, du long-m\u00e9trage dont elle est la vedette. Ce double rendez-vous gratuit se d\u00e9roulera samedi \u00e0 14h au cin\u00e9ma Juliet-Berto.<\/p>\n<p> Un atelier de programmation pour les 7-12 ans samedi 28 juin <\/p>\n<p>Outre les ateliers de doublage d&rsquo;un film (samedi \u00e0 14h30, 15h30 et 16h30), les <strong>jeunes de 7 \u00e0 12 ans<\/strong> pourront \u00e9galement participer, pour la premi\u00e8re fois, \u00e0 un<strong> atelier de programmation<\/strong> (samedi de 10h \u00e0 14h). Ces deux ateliers sont sur r\u00e9servation et payants (cinq euros par enfant). <\/p>\n<p><strong>Pratique<\/strong> <\/p>\n<p>48e Festival du film court en plein air, du mercredi 25 au samedi 28 juin 2025 \u00e0 Grenoble. Programme complet et renseignements : <a href=\"https:\/\/www.cinemathequedegrenoble.fr\/festival\/\" rel=\"noopener\" target=\"_blank\">ici<\/a>.<\/p>\n","protected":false},"excerpt":{"rendered":"Menac\u00e9 de disparition il y a deux ans du fait d&rsquo;une coupe importante de subventions de la part&hellip;\n","protected":false},"author":2,"featured_media":200363,"comment_status":"","ping_status":"","sticky":false,"template":"","format":"standard","meta":{"footnotes":""},"categories":[9566],"tags":[1111,11,2430,650,33969,33968,1777,674,3337,1011,27,2731,12,25],"class_list":{"0":"post-200362","1":"post","2":"type-post","3":"status-publish","4":"format-standard","5":"has-post-thumbnail","7":"category-grenoble","8":"tag-actu","9":"tag-actualites","10":"tag-auvergne-rhone-alpes","11":"tag-cinema","12":"tag-cinu00e9mathu00e8que-de-grenoble","13":"tag-court-mu00e9trage","14":"tag-eu","15":"tag-europe","16":"tag-festivals","17":"tag-fr","18":"tag-france","19":"tag-grenoble","20":"tag-news","21":"tag-republique-francaise"},"share_on_mastodon":{"url":"https:\/\/pubeurope.com\/@fr\/114737601838653562","error":""},"_links":{"self":[{"href":"https:\/\/www.europesays.com\/fr\/wp-json\/wp\/v2\/posts\/200362","targetHints":{"allow":["GET"]}}],"collection":[{"href":"https:\/\/www.europesays.com\/fr\/wp-json\/wp\/v2\/posts"}],"about":[{"href":"https:\/\/www.europesays.com\/fr\/wp-json\/wp\/v2\/types\/post"}],"author":[{"embeddable":true,"href":"https:\/\/www.europesays.com\/fr\/wp-json\/wp\/v2\/users\/2"}],"replies":[{"embeddable":true,"href":"https:\/\/www.europesays.com\/fr\/wp-json\/wp\/v2\/comments?post=200362"}],"version-history":[{"count":0,"href":"https:\/\/www.europesays.com\/fr\/wp-json\/wp\/v2\/posts\/200362\/revisions"}],"wp:featuredmedia":[{"embeddable":true,"href":"https:\/\/www.europesays.com\/fr\/wp-json\/wp\/v2\/media\/200363"}],"wp:attachment":[{"href":"https:\/\/www.europesays.com\/fr\/wp-json\/wp\/v2\/media?parent=200362"}],"wp:term":[{"taxonomy":"category","embeddable":true,"href":"https:\/\/www.europesays.com\/fr\/wp-json\/wp\/v2\/categories?post=200362"},{"taxonomy":"post_tag","embeddable":true,"href":"https:\/\/www.europesays.com\/fr\/wp-json\/wp\/v2\/tags?post=200362"}],"curies":[{"name":"wp","href":"https:\/\/api.w.org\/{rel}","templated":true}]}}