{"id":200368,"date":"2025-06-24T09:22:10","date_gmt":"2025-06-24T09:22:10","guid":{"rendered":"https:\/\/www.europesays.com\/fr\/200368\/"},"modified":"2025-06-24T09:22:10","modified_gmt":"2025-06-24T09:22:10","slug":"la-ville-adopte-un-jumelage-conteste-avec-un-camp-de-refugies-palestiniens","status":"publish","type":"post","link":"https:\/\/www.europesays.com\/fr\/200368\/","title":{"rendered":"La ville adopte un jumelage contest\u00e9 avec un camp de r\u00e9fugi\u00e9s palestiniens"},"content":{"rendered":"<p>On ne peut pas dire que <a href=\"https:\/\/www.20minutes.fr\/politique\/4158989-20250619-ville-israelienne-ville-palestinienne-deux-mairies-ligne-crete-jumelages\" class=\"color-ultramarine c-link\" target=\"_blank\" rel=\"noopener\">le jumelage de la ville de Strasbourg<\/a> avec le <a href=\"https:\/\/www.20minutes.fr\/dossier\/camp_de_refugies\" class=\"color-ultramarine c-link\" target=\"_blank\" rel=\"noopener\">camp de r\u00e9fugi\u00e9s<\/a> d\u2019Aida en <a href=\"https:\/\/www.20minutes.fr\/monde\/palestine\/\" class=\"color-ultramarine c-link\" target=\"_blank\" rel=\"noopener\">Palestine<\/a>, alors que dans le m\u00eame temps la capitale alsacienne a suspendu son jumelage avec <a href=\"https:\/\/www.20minutes.fr\/monde\/guerre-israel-iran\/\" class=\"color-ultramarine c-link\" target=\"_blank\" rel=\"noopener\">la ville isra\u00e9lienne<\/a> de Ramat Gan, a fait planer un sentiment de paix et de solidarit\u00e9 lors du conseil municipal lundi. Apr\u00e8s des prises de paroles engag\u00e9es et diam\u00e9tralement oppos\u00e9es, quelques interruptions de s\u00e9ances, le jumelage a \u00e9t\u00e9 vot\u00e9\u00a0: le groupe <a href=\"https:\/\/www.20minutes.fr\/dossier\/socialiste\" class=\"color-ultramarine c-link\" target=\"_blank\" rel=\"noopener\">socialiste<\/a> s\u2019est abstenu, tandis que le centre et la droite se sont prononc\u00e9s contre. Pr\u00e9cis\u00e9ment, le conseil municipal a adopt\u00e9 le jumelage avec le camp proche de Bethl\u00e9em avec 49 voix pour, 10 contre, et cinq abstentions.<\/p>\n<p>Le vote comprenait \u00e9galement un partenariat avec la ville de Bethl\u00e9em, sous l\u2019\u00e9gide du minist\u00e8re fran\u00e7ais des Affaires \u00e9trang\u00e8res, ainsi que le d\u00e9blocage d\u2019une aide humanitaire d\u2019urgence (20.000 euros) \u00e0 Gaza. Ces deux propositions ont \u00e9t\u00e9 adopt\u00e9es \u00e0 l\u2019unanimit\u00e9.<\/p>\n<p>\u00ab\u00a0Importer le conflit isra\u00e9lo-palestinien\u00a0\u00bb<\/p>\n<p>L\u2019opposition a reproch\u00e9 \u00e0 <a href=\"https:\/\/www.20minutes.fr\/politique\/jeanne-barseghian\/\" class=\"color-ultramarine c-link\" target=\"_blank\" rel=\"noopener\">Jeanne Barseghian<\/a> d\u2019avoir contribu\u00e9 \u00e0 importer le conflit isra\u00e9lo-palestinien, jetant de l\u2019huile sur le feu et provoquant <a href=\"https:\/\/www.20minutes.fr\/societe\/4155621-20250528-guerre-israel-hamas-keffieh-jumelage-camp-refugies-palestinien-strasbourg-prend-parti\" class=\"color-ultramarine c-link\" target=\"_blank\" rel=\"noopener\">l\u2019incompr\u00e9hension, voire l\u2019indignation,<\/a> de nombreux Strasbourgeois. Cette d\u00e9cision a \u00e9t\u00e9 prise trop rapidement et \u00ab\u00a0porte la marque de l\u2019improvisation\u00a0\u00bb, a regrett\u00e9 <a href=\"https:\/\/www.20minutes.fr\/politique\/jean-philippe-vetter\/\" class=\"color-ultramarine c-link\" target=\"_blank\" rel=\"noopener\">Jean-Philippe Vetter<\/a> (LR). D\u2019autant que dans le m\u00eame temps la municipalit\u00e9 alsacienne a suspendu son jumelage avec la ville isra\u00e9lienne de Ramat Gan, en banlieue de Tel Aviv. Celui-ci, qui date de plus de 30 ans, est \u00ab\u00a0gel\u00e9\u00a0\u00bb, car les \u00ab\u00a0conditions ne sont pas r\u00e9unies\u00a0\u00bb, avait pr\u00e9cis\u00e9 en mai la maire de Strasbourg Jeanne Barseghian. Ce que n\u2019a pas manqu\u00e9 de lui reprocher l\u2019ancienne maire et ministre <a href=\"https:\/\/www.20minutes.fr\/politique\/catherine-trauttmann\/\" class=\"color-ultramarine c-link\" target=\"_blank\" rel=\"noopener\">Catherine Trautmann<\/a> (PS)\u00a0: \u00ab\u00a0Alors qu\u2019un jumelage est bas\u00e9 sur la r\u00e9ciprocit\u00e9 des engagements, vous vous \u00eates d\u00e9tourn\u00e9e de l\u2019une des parties\u00a0\u00bb, a-t-elle lanc\u00e9 \u00e0 la maire.<\/p>\n<p>\u00ab\u00a0En aucun cas je ne souhaite rompre ces liens forts avec Ramat Gan, ni ce jumelage. Le but, c\u2019est que cette porte puisse se rouvrir quand les conditions seront r\u00e9unies et quand les armes se tairont, je l\u2019esp\u00e8re le plus vite possible\u00a0\u00bb, a estim\u00e9 la maire \u00e9cologiste. \u00ab\u00a0Strasbourg, <a href=\"https:\/\/www.20minutes.fr\/dossier\/europe\" class=\"color-ultramarine c-link\" target=\"_blank\" rel=\"noopener\">capitale europ\u00e9enne<\/a>, peut avoir deux jumelages qui coexistent. Celui de Ramat Gan et celui du camp d\u2019A\u00efda, comme les deux Etats dont nous souhaitons qu\u2019ils puissent coexister pacifiquement et en s\u00e9curit\u00e9 \u00e0 l\u2019avenir. En aucun cas, la ville de Strasbourg n\u2019est l\u00e0 pour prendre parti. La ville de Strasbourg, elle est un symbole de paix, de r\u00e9conciliation\u00a0\u00bb, a poursuivi Jeanne Barseghian.<\/p>\n<\/p>\n<p>Des \u00e9changes tendus dans l\u2019h\u00e9micycle, alors qu\u2019\u00e0 l\u2019ext\u00e9rieur, une cinquantaine de membres de la communaut\u00e9 juive de Strasbourg s\u2019\u00e9taient r\u00e9unis \u00e0 l\u2019appel du <a href=\"https:\/\/www.20minutes.fr\/dossier\/crif\" class=\"color-ultramarine c-link\" target=\"_blank\" rel=\"noopener\">Crif<\/a> (Conseil repr\u00e9sentatif des institutions juives de France) Alsace, du Consistoire isra\u00e9lite du Bas-Rhin et du Fonds social juif unifi\u00e9 (FSJU). \u00ab\u00a0C\u2019est un message politique, qui est partisan. Madame la maire <a href=\"https:\/\/www.20minutes.fr\/strasbourg\/3006719-20210325-mosquee-strasbourg-prefete-bas-rhin-accuse-jeanne-barseghian-fournir-informations-inexactes\" class=\"color-ultramarine c-link\" target=\"_blank\" rel=\"noopener\">s\u2019adresse \u00e0 une partie des Strasbourgeois<\/a> qu\u2019elle veut flatter pour les prochaines \u00e9lections. C\u2019est assez clair\u00a0\u00bb, a regrett\u00e9 Thierry Roos, vice-pr\u00e9sident honoraire du consistoire. A quelques m\u00e8tres, une poign\u00e9e de manifestants avaient au contraire scand\u00e9 des slogans de soutien \u00e0 la Palestine. Le mois dernier, le Crif avait exprim\u00e9 sa \u00ab\u00a0consternation\u00a0\u00bb puis <a href=\"https:\/\/www.20minutes.fr\/societe\/4155621-20250528-guerre-israel-hamas-keffieh-jumelage-camp-refugies-palestinien-strasbourg-prend-parti\" class=\"color-ultramarine c-link\" target=\"_blank\" rel=\"noopener\">critiqu\u00e9 le keffieh port\u00e9 par Jeanne Barseghian<\/a> lors de la visite \u00e0 Strasbourg d\u2019une d\u00e9l\u00e9gation du camp d\u2019A\u00efda ainsi que le cadeau re\u00e7u\u00a0: une \u00ab\u00a0<a href=\"https:\/\/www.20minutes.fr\/monde\/conflit_israelo-palestinien\/\" class=\"color-ultramarine c-link\" target=\"_blank\" rel=\"noopener\">carte d\u2019Isra\u00ebl<\/a> couverte de drapeaux palestiniens sur tout le territoire sur lequel Isra\u00ebl a disparu\u00a0\u00bb.<\/p>\n<p>\u00ab\u00a0Dans la perspective de la cr\u00e9ation d\u2019un Etat de Palestine\u00a0\u00bb<\/p>\n<p>\u00ab\u00a0La concr\u00e9tisation d\u2019un jumelage avec le camp d\u2019A\u00efda, c\u2019est un geste symbolique qui permet de construire des ponts avec le peuple palestinien dans la perspective de la cr\u00e9ation d\u2019un Etat de Palestine aux c\u00f4t\u00e9s d\u2019Isra\u00ebl\u00a0\u00bb, a soulign\u00e9 la maire \u00e9cologiste de Strasbourg, Jeanne Barseghian. Celle-ci a pr\u00e9cis\u00e9 que ce jumelage \u00e9tait \u00ab\u00a0destin\u00e9 \u00e0 la <a href=\"https:\/\/www.20minutes.fr\/dossier\/jeunesse\" class=\"color-ultramarine c-link\" target=\"_blank\" rel=\"noopener\">jeunesse<\/a>\u00a0\u00bb\u00a0: l\u2019\u00e9lue envisage des coop\u00e9rations dans les domaines artistiques, de la culture, dans le sport et voudrait \u00e9galement \u00ab\u00a0travailler sur le droit des femmes ainsi que sur le <a href=\"https:\/\/www.20minutes.fr\/dossier\/numerique\" class=\"color-ultramarine c-link\" target=\"_blank\" rel=\"noopener\">num\u00e9rique<\/a>\u00a0\u00bb. Elle a rappel\u00e9 que des liens existaient entre A\u00efda et Strasbourg depuis le d\u00e9but des ann\u00e9es\u00a02000, et encore en\u00a02023 lors du festival de musique contemporaine Musica, auquel avaient particip\u00e9 danseurs et chanteurs du camp de r\u00e9fugi\u00e9s.<\/p>\n","protected":false},"excerpt":{"rendered":"On ne peut pas dire que le jumelage de la ville de Strasbourg avec le camp de r\u00e9fugi\u00e9s&hellip;\n","protected":false},"author":2,"featured_media":200369,"comment_status":"","ping_status":"","sticky":false,"template":"","format":"standard","meta":{"footnotes":""},"categories":[2820],"tags":[1111,11,2389,2649,5848,3259,1984,1777,674,1011,27,665,775,664,33949,7125,12,3518,316,2495,1306,25,104,3400,640],"class_list":{"0":"post-200368","1":"post","2":"type-post","3":"status-publish","4":"format-standard","5":"has-post-thumbnail","7":"category-strasbourg","8":"tag-actu","9":"tag-actualites","10":"tag-alsace","11":"tag-bas-rhin","12":"tag-catherine-trautmann","13":"tag-conflit-israelo-palestinien","14":"tag-conseil-municipal","15":"tag-eu","16":"tag-europe","17":"tag-fr","18":"tag-france","19":"tag-gaza","20":"tag-grand-est","21":"tag-israel","22":"tag-jean-philippe-vetter","23":"tag-jeanne-barseghian","24":"tag-news","25":"tag-palestine","26":"tag-politique","27":"tag-refugies","28":"tag-regions","29":"tag-republique-francaise","30":"tag-societe","31":"tag-solidarite","32":"tag-strasbourg"},"share_on_mastodon":{"url":"https:\/\/pubeurope.com\/@fr\/114737613610670780","error":""},"_links":{"self":[{"href":"https:\/\/www.europesays.com\/fr\/wp-json\/wp\/v2\/posts\/200368","targetHints":{"allow":["GET"]}}],"collection":[{"href":"https:\/\/www.europesays.com\/fr\/wp-json\/wp\/v2\/posts"}],"about":[{"href":"https:\/\/www.europesays.com\/fr\/wp-json\/wp\/v2\/types\/post"}],"author":[{"embeddable":true,"href":"https:\/\/www.europesays.com\/fr\/wp-json\/wp\/v2\/users\/2"}],"replies":[{"embeddable":true,"href":"https:\/\/www.europesays.com\/fr\/wp-json\/wp\/v2\/comments?post=200368"}],"version-history":[{"count":0,"href":"https:\/\/www.europesays.com\/fr\/wp-json\/wp\/v2\/posts\/200368\/revisions"}],"wp:featuredmedia":[{"embeddable":true,"href":"https:\/\/www.europesays.com\/fr\/wp-json\/wp\/v2\/media\/200369"}],"wp:attachment":[{"href":"https:\/\/www.europesays.com\/fr\/wp-json\/wp\/v2\/media?parent=200368"}],"wp:term":[{"taxonomy":"category","embeddable":true,"href":"https:\/\/www.europesays.com\/fr\/wp-json\/wp\/v2\/categories?post=200368"},{"taxonomy":"post_tag","embeddable":true,"href":"https:\/\/www.europesays.com\/fr\/wp-json\/wp\/v2\/tags?post=200368"}],"curies":[{"name":"wp","href":"https:\/\/api.w.org\/{rel}","templated":true}]}}