{"id":200376,"date":"2025-06-24T09:26:30","date_gmt":"2025-06-24T09:26:30","guid":{"rendered":"https:\/\/www.europesays.com\/fr\/200376\/"},"modified":"2025-06-24T09:26:30","modified_gmt":"2025-06-24T09:26:30","slug":"medecins-et-professionnels-du-soin-agir-ensemble-pour-renforcer-lattractivite-et-loffre-de-sante","status":"publish","type":"post","link":"https:\/\/www.europesays.com\/fr\/200376\/","title":{"rendered":"M\u00e9decins et professionnels du soin : agir ensemble pour renforcer l\u2019attractivit\u00e9 et l\u2019offre de sant\u00e9"},"content":{"rendered":"<p><strong>L\u2019ARS coordonne actuellement l\u2019affectation des laur\u00e9ats des Epreuves de V\u00e9rification des Connaissances (EVC 2024)<\/strong>, c\u2019est-\u00e0-dire les m\u00e9decins form\u00e9s hors de l\u2019Union europ\u00e9enne (PADHUE) qui ont d\u00e9pos\u00e9 un dossier \u00e0 l\u2019\u00e9t\u00e9 2024, qui ont pass\u00e9 les \u00e9preuves en octobre 2024 et qui les ont valid\u00e9es.\u00a0<\/p>\n<p><strong>Le process est long<\/strong>\u00a0: entre la p\u00e9riode de d\u00e9p\u00f4t des dossiers et leur v\u00e9rification, les \u00e9preuves, les r\u00e9sultats, l\u2019affectation, ce process dure<strong> a minima 10 mois<\/strong>. Parall\u00e8lement \u00e0 ce travail, l\u2019ARS a pr\u00e9par\u00e9 la nouvelle campagne des EVC 2025, d\u00e9but\u00e9e en mai dernier.\u00a0<\/p>\n<p>Chiffres clefs EVC 2024\/2025\u00a0: 184 postes publi\u00e9s en liste principale (36 en Loire Atlantique, 27 en Maine et Loire, 56 en Mayenne, 33 en Sarthe, 32 en Vend\u00e9e), 101 postes pourvus au 4 avril. <strong>(\u00e0 mettre \u00e0 jour juste avant la publication de la lettre d\u2019info)<\/strong><\/p>\n<p><strong>Point d\u2019information\u00a0: les Praticiens \u00c0 Dipl\u00f4me Hors Union Europ\u00e9enne (PADHUE) doivent passer par une proc\u00e9dure d\u2019autorisation d\u2019exercice pour pouvoir exercer en France.<\/strong> L\u2019autorisation d\u2019exercice d\u00e9finitive ne peut \u00eatre obtenue qu\u2019en passant les Epreuves de V\u00e9rification des Connaissances (EVC) puis en accomplissant un Parcours de Consolidation des Comp\u00e9tences (PCC) de 2 ans en tant que praticien associ\u00e9 (sous la tutelle d\u2019un m\u00e9decin senior).<\/p>\n<p>Il existe \u00e9galement des statuts permettant de travailler en attendant le passage des EVC\u00a0: le statut de stagiaire associ\u00e9, de faisant fonction d\u2019interne ou de Praticien Associ\u00e9 Contractuel Temporaire (PACT), permettent ainsi de travailler pendant une dur\u00e9e limit\u00e9e (de 6 \u00e0 26 mois) sous la tutelle d\u2019un m\u00e9decin senior. Au-del\u00e0 de cette p\u00e9riode, les PADHUE ne peuvent plus exercer en tant que m\u00e9decin sans passer les EVC et sont contraints d\u2019arr\u00eater leur activit\u00e9 en attendant la prochaine session. Les PADHUE choisissant ces statuts sont donc g\u00e9n\u00e9ralement en attente du passage des EVC.\u00a0<\/p>\n<p><strong>La proc\u00e9dure d\u2019ouverture des postes\u00a0PADHUE\u00a0:<\/strong> l\u2019ARS m\u00e8ne un recensement aupr\u00e8s des \u00e9tablissements pour conna\u00eetre leurs besoins, ces derniers \u00e9tant ensuite ajust\u00e9s au quantum attribu\u00e9 par la DGOS.\u00a0<\/p>\n<p><strong>Les autres sp\u00e9cialit\u00e9s m\u00e9dicales et les professions de sage-femme, pharmaciens et chirurgiens-dentistes sont r\u00e9gies directement par le Centre National de Gestion (CNG)<\/strong>, la p\u00e9riode de d\u00e9p\u00f4t des dossiers ayant \u00e9t\u00e9 ouverte\u00a0pour l\u2019ensemble des r\u00e9gions\u00a0du 3 mars au 18 avril 2025. Les ARS sont charg\u00e9es de l\u2019instruction de ces dossiers. La r\u00e9glementation pr\u00e9voit un d\u00e9lai de 4 mois \u00e0 compter de la date de fermeture de la p\u00e9riode de d\u00e9p\u00f4t pour r\u00e9pondre aux demandes d\u2019attestation. Le silence gard\u00e9 par l\u2019administration \u00e0 l&rsquo;expiration de ce d\u00e9lai vaut rejet de la demande. L\u2019attestation d\u00e9livr\u00e9e par l\u2019ARS ou le CNG permet \u00e0 l\u2019\u00e9tablissement de recruter le PADHUE d\u00e8s que possible.<\/p>\n<p>\u00a0<\/p>\n<p>      <img decoding=\"async\" loading=\"lazy\" src=\"https:\/\/www.europesays.com\/fr\/wp-content\/uploads\/2025\/06\/calendrier des EVC HD.png\" width=\"1754\" height=\"1240\" alt=\"\" typeof=\"foaf:Image\" class=\"img-responsive\"\/><\/p>\n<p>        Lire la transcription textuelle<\/p>\n","protected":false},"excerpt":{"rendered":"L\u2019ARS coordonne actuellement l\u2019affectation des laur\u00e9ats des Epreuves de V\u00e9rification des Connaissances (EVC 2024), c\u2019est-\u00e0-dire les m\u00e9decins form\u00e9s&hellip;\n","protected":false},"author":2,"featured_media":200377,"comment_status":"","ping_status":"","sticky":false,"template":"","format":"standard","meta":{"footnotes":""},"categories":[2818],"tags":[1111,11,1777,674,1011,27,766,12,2636,25],"class_list":{"0":"post-200376","1":"post","2":"type-post","3":"status-publish","4":"format-standard","5":"has-post-thumbnail","7":"category-nantes","8":"tag-actu","9":"tag-actualites","10":"tag-eu","11":"tag-europe","12":"tag-fr","13":"tag-france","14":"tag-nantes","15":"tag-news","16":"tag-pays-de-la-loire","17":"tag-republique-francaise"},"share_on_mastodon":{"url":"https:\/\/pubeurope.com\/@fr\/114737629390068128","error":""},"_links":{"self":[{"href":"https:\/\/www.europesays.com\/fr\/wp-json\/wp\/v2\/posts\/200376","targetHints":{"allow":["GET"]}}],"collection":[{"href":"https:\/\/www.europesays.com\/fr\/wp-json\/wp\/v2\/posts"}],"about":[{"href":"https:\/\/www.europesays.com\/fr\/wp-json\/wp\/v2\/types\/post"}],"author":[{"embeddable":true,"href":"https:\/\/www.europesays.com\/fr\/wp-json\/wp\/v2\/users\/2"}],"replies":[{"embeddable":true,"href":"https:\/\/www.europesays.com\/fr\/wp-json\/wp\/v2\/comments?post=200376"}],"version-history":[{"count":0,"href":"https:\/\/www.europesays.com\/fr\/wp-json\/wp\/v2\/posts\/200376\/revisions"}],"wp:featuredmedia":[{"embeddable":true,"href":"https:\/\/www.europesays.com\/fr\/wp-json\/wp\/v2\/media\/200377"}],"wp:attachment":[{"href":"https:\/\/www.europesays.com\/fr\/wp-json\/wp\/v2\/media?parent=200376"}],"wp:term":[{"taxonomy":"category","embeddable":true,"href":"https:\/\/www.europesays.com\/fr\/wp-json\/wp\/v2\/categories?post=200376"},{"taxonomy":"post_tag","embeddable":true,"href":"https:\/\/www.europesays.com\/fr\/wp-json\/wp\/v2\/tags?post=200376"}],"curies":[{"name":"wp","href":"https:\/\/api.w.org\/{rel}","templated":true}]}}