{"id":200378,"date":"2025-06-24T09:27:12","date_gmt":"2025-06-24T09:27:12","guid":{"rendered":"https:\/\/www.europesays.com\/fr\/200378\/"},"modified":"2025-06-24T09:27:12","modified_gmt":"2025-06-24T09:27:12","slug":"ldc-m-le-hbc-nantes-decroche-sa-wild-card-en-ligue-des-champions","status":"publish","type":"post","link":"https:\/\/www.europesays.com\/fr\/200378\/","title":{"rendered":"LDC (M) | Le HBC Nantes d\u00e9croche sa wild card en ligue des champions"},"content":{"rendered":"<p>                <img loading=\"lazy\" decoding=\"async\" class=\"size-large wp-image-324060\" src=\"https:\/\/www.europesays.com\/fr\/wp-content\/uploads\/2025\/06\/Aymerci-Minne-HBC-Nantes-gael_drd_-1024x683.jpg\" alt=\"\" width=\"1024\" height=\"683\"\/>Aymeric Minne HBC Nantes &#8211; gael_drd_<\/p>\n<p style=\"text-align: justify;\" data-start=\"156\" data-end=\"499\">La saison 2025\/26 de la <strong data-start=\"180\" data-end=\"218\">Champions League<\/strong> conna\u00eet d\u00e9sormais ses 16 participants. L\u2019EHF a confirm\u00e9 ce mardi les clubs ayant obtenu une <strong data-start=\"311\" data-end=\"324\">wild-card<\/strong> pour rejoindre les \u00e9quipes d\u00e9j\u00e0 qualifi\u00e9es d\u2019office dans sa comp\u00e9tition phare masculine. Parmi les heureux \u00e9lus : le <strong>HBC<\/strong> <strong data-start=\"439\" data-end=\"449\">Nantes<\/strong>, qui repr\u00e9sentera la France aux c\u00f4t\u00e9s du <strong data-start=\"491\" data-end=\"498\">PSG Handball<\/strong>.<\/p>\n<p style=\"text-align: justify;\" data-start=\"501\" data-end=\"782\"><strong data-start=\"501\" data-end=\"537\">Six clubs obtiennent leur s\u00e9same<\/strong>&#13;<br \/>\nParmi les neuf clubs candidats \u00e0 une place via une demande d\u2019upgrade, six ont \u00e9t\u00e9 retenus apr\u00e8s \u00e9valuation par un groupe compos\u00e9 de repr\u00e9sentants de l\u2019EHF et de clubs, sur la base des crit\u00e8res fix\u00e9s par le r\u00e8glement. Les heureux \u00e9lus sont :<\/p>\n<ul style=\"text-align: justify;\" data-start=\"784\" data-end=\"982\">&#13;<\/p>\n<li data-start=\"784\" data-end=\"804\">&#13;\n<p data-start=\"786\" data-end=\"804\"><strong data-start=\"786\" data-end=\"804\">GOG (Danemark)<\/strong><\/p>\n<p>&#13;\n<\/li>\n<p>&#13;<\/p>\n<li data-start=\"805\" data-end=\"830\">&#13;\n<p data-start=\"807\" data-end=\"830\"><strong data-start=\"807\" data-end=\"830\">HBC Nantes (France)<\/strong><\/p>\n<p>&#13;\n<\/li>\n<p>&#13;<\/p>\n<li data-start=\"831\" data-end=\"869\">&#13;\n<p data-start=\"833\" data-end=\"869\"><strong data-start=\"833\" data-end=\"869\">OTP Bank &#8211; PICK Szeged (Hongrie)<\/strong><\/p>\n<p>&#13;\n<\/li>\n<p>&#13;<\/p>\n<li data-start=\"870\" data-end=\"916\">&#13;\n<p data-start=\"872\" data-end=\"916\"><strong data-start=\"872\" data-end=\"916\">HC Eurofarm Pelister (Mac\u00e9doine du Nord)<\/strong><\/p>\n<p>&#13;\n<\/li>\n<p>&#13;<\/p>\n<li data-start=\"917\" data-end=\"949\">&#13;\n<p data-start=\"919\" data-end=\"949\"><strong data-start=\"919\" data-end=\"949\">Kolstad H\u00e5ndball (Norv\u00e8ge)<\/strong><\/p>\n<p>&#13;\n<\/li>\n<p>&#13;<\/p>\n<li data-start=\"950\" data-end=\"982\">&#13;\n<p data-start=\"952\" data-end=\"982\"><strong data-start=\"952\" data-end=\"982\">Industria Kielce (Pologne)<\/strong><\/p>\n<p>&#13;\n<\/li>\n<p>&#13;\n<\/ul>\n<p style=\"text-align: justify;\" data-start=\"984\" data-end=\"1042\">Ils rejoignent ainsi les dix \u00e9quipes d\u00e9j\u00e0 qualifi\u00e9es :<\/p>\n<ul style=\"text-align: justify;\" data-start=\"1043\" data-end=\"1359\">&#13;<\/p>\n<li data-start=\"1043\" data-end=\"1068\">&#13;\n<p data-start=\"1045\" data-end=\"1068\"><strong data-start=\"1045\" data-end=\"1068\">HC Zagreb (Croatie)<\/strong><\/p>\n<p>&#13;\n<\/li>\n<p>&#13;<\/p>\n<li data-start=\"1069\" data-end=\"1102\">&#13;\n<p data-start=\"1071\" data-end=\"1102\"><strong data-start=\"1071\" data-end=\"1102\">Aalborg H\u00e5ndbold (Danemark)<\/strong><\/p>\n<p>&#13;\n<\/li>\n<p>&#13;<\/p>\n<li data-start=\"1103\" data-end=\"1124\">&#13;\n<p data-start=\"1105\" data-end=\"1124\"><strong data-start=\"1105\" data-end=\"1124\">Bar\u00e7a (Espagne)<\/strong><\/p>\n<p>&#13;\n<\/li>\n<p>&#13;<\/p>\n<li data-start=\"1125\" data-end=\"1168\">&#13;\n<p data-start=\"1127\" data-end=\"1168\"><strong data-start=\"1127\" data-end=\"1168\">Paris Saint-Germain Handball (France)<\/strong><\/p>\n<p>&#13;\n<\/li>\n<p>&#13;<\/p>\n<li data-start=\"1169\" data-end=\"1200\">&#13;\n<p data-start=\"1171\" data-end=\"1200\"><strong data-start=\"1171\" data-end=\"1200\">F\u00fcchse Berlin (Allemagne)<\/strong><\/p>\n<p>&#13;\n<\/li>\n<p>&#13;<\/p>\n<li data-start=\"1201\" data-end=\"1231\">&#13;\n<p data-start=\"1203\" data-end=\"1231\"><strong data-start=\"1203\" data-end=\"1231\">SC Magdeburg (Allemagne)<\/strong><\/p>\n<p>&#13;\n<\/li>\n<p>&#13;<\/p>\n<li data-start=\"1232\" data-end=\"1263\">&#13;\n<p data-start=\"1234\" data-end=\"1263\"><strong data-start=\"1234\" data-end=\"1263\">One Veszpr\u00e9m HC (Hongrie)<\/strong><\/p>\n<p>&#13;\n<\/li>\n<p>&#13;<\/p>\n<li data-start=\"1264\" data-end=\"1297\">&#13;\n<p data-start=\"1266\" data-end=\"1297\"><strong data-start=\"1266\" data-end=\"1297\">Orlen Wisla Plock (Pologne)<\/strong><\/p>\n<p>&#13;\n<\/li>\n<p>&#13;<\/p>\n<li data-start=\"1298\" data-end=\"1326\">&#13;\n<p data-start=\"1300\" data-end=\"1326\"><strong data-start=\"1300\" data-end=\"1326\">Sporting CP (Portugal)<\/strong><\/p>\n<p>&#13;\n<\/li>\n<p>&#13;<\/p>\n<li data-start=\"1327\" data-end=\"1359\">&#13;\n<p data-start=\"1329\" data-end=\"1359\"><strong data-start=\"1329\" data-end=\"1359\">Dinamo Bucarest (Roumanie)<\/strong><\/p>\n<p>&#13;\n<\/li>\n<p>&#13;\n<\/ul>\n<p style=\"text-align: justify;\" data-start=\"1361\" data-end=\"1696\"><strong data-start=\"1361\" data-end=\"1386\">Des recal\u00e9s de marque<\/strong>&#13;<br \/>\nTrois clubs n\u2019ont pas \u00e9t\u00e9 retenus pour la Champions League malgr\u00e9 leur candidature : <strong data-start=\"1472\" data-end=\"1495\">FC Porto (Portugal)<\/strong>, <strong data-start=\"1497\" data-end=\"1531\">Kadetten Schaffhausen (Suisse)<\/strong> et <strong data-start=\"1535\" data-end=\"1570\">RD LL Grosist Slovan (Slov\u00e9nie)<\/strong>. Ces derniers pourront toutefois \u00e9voluer en <strong data-start=\"1615\" data-end=\"1638\">EHF European League<\/strong> ou <strong data-start=\"1642\" data-end=\"1658\">European Cup<\/strong> selon leur niveau et les invitations.<\/p>\n<p style=\"text-align: justify;\" data-start=\"1698\" data-end=\"1903\">Le tirage au sort de la phase de groupes se tiendra le <strong data-start=\"1753\" data-end=\"1778\">jeudi 27 juin \u00e0 15h00<\/strong> \u00e0 Vienne. Les 16 \u00e9quipes seront r\u00e9parties en deux groupes de huit, avec d\u00e9j\u00e0 l\u2019ombre d\u2019un \u00ab groupe de la mort \u00bb qui plane comme la saison derni\u00e8re avec le groupe de la mort dans lequel s&rsquo;est retrouv\u00e9 Nantes&#8230;<\/p>\n","protected":false},"excerpt":{"rendered":"Aymeric Minne HBC Nantes &#8211; gael_drd_ La saison 2025\/26 de la Champions League conna\u00eet d\u00e9sormais ses 16 participants.&hellip;\n","protected":false},"author":2,"featured_media":200379,"comment_status":"","ping_status":"","sticky":false,"template":"","format":"standard","meta":{"footnotes":""},"categories":[2818],"tags":[1111,11,1777,674,1011,27,4343,447,766,12,2636,25],"class_list":{"0":"post-200378","1":"post","2":"type-post","3":"status-publish","4":"format-standard","5":"has-post-thumbnail","7":"category-nantes","8":"tag-actu","9":"tag-actualites","10":"tag-eu","11":"tag-europe","12":"tag-fr","13":"tag-france","14":"tag-hbc-nantes","15":"tag-ligue-des-champions","16":"tag-nantes","17":"tag-news","18":"tag-pays-de-la-loire","19":"tag-republique-francaise"},"share_on_mastodon":{"url":"https:\/\/pubeurope.com\/@fr\/114737633301393365","error":""},"_links":{"self":[{"href":"https:\/\/www.europesays.com\/fr\/wp-json\/wp\/v2\/posts\/200378","targetHints":{"allow":["GET"]}}],"collection":[{"href":"https:\/\/www.europesays.com\/fr\/wp-json\/wp\/v2\/posts"}],"about":[{"href":"https:\/\/www.europesays.com\/fr\/wp-json\/wp\/v2\/types\/post"}],"author":[{"embeddable":true,"href":"https:\/\/www.europesays.com\/fr\/wp-json\/wp\/v2\/users\/2"}],"replies":[{"embeddable":true,"href":"https:\/\/www.europesays.com\/fr\/wp-json\/wp\/v2\/comments?post=200378"}],"version-history":[{"count":0,"href":"https:\/\/www.europesays.com\/fr\/wp-json\/wp\/v2\/posts\/200378\/revisions"}],"wp:featuredmedia":[{"embeddable":true,"href":"https:\/\/www.europesays.com\/fr\/wp-json\/wp\/v2\/media\/200379"}],"wp:attachment":[{"href":"https:\/\/www.europesays.com\/fr\/wp-json\/wp\/v2\/media?parent=200378"}],"wp:term":[{"taxonomy":"category","embeddable":true,"href":"https:\/\/www.europesays.com\/fr\/wp-json\/wp\/v2\/categories?post=200378"},{"taxonomy":"post_tag","embeddable":true,"href":"https:\/\/www.europesays.com\/fr\/wp-json\/wp\/v2\/tags?post=200378"}],"curies":[{"name":"wp","href":"https:\/\/api.w.org\/{rel}","templated":true}]}}