{"id":200390,"date":"2025-06-24T09:34:11","date_gmt":"2025-06-24T09:34:11","guid":{"rendered":"https:\/\/www.europesays.com\/fr\/200390\/"},"modified":"2025-06-24T09:34:11","modified_gmt":"2025-06-24T09:34:11","slug":"venez-participer-a-linauguration-de-lecole-des-abeilles-le-samedi-28-juin","status":"publish","type":"post","link":"https:\/\/www.europesays.com\/fr\/200390\/","title":{"rendered":"Venez participer \u00e0 l&rsquo;inauguration de l&rsquo;\u00e9cole des Abeilles le samedi 28 juin !"},"content":{"rendered":"<p><strong>Le samedi 28 juin sera c\u00e9l\u00e9br\u00e9e l&rsquo;inauguration officielle de l&rsquo;\u00e9cole des Abeilles dans le 1er arrondissement. Toutes les Marseillaises et tous les Marseillais, enfants, parents d&rsquo;\u00e9l\u00e8ves ou tout simplement habitants sont invit\u00e9s \u00e0 f\u00eater ce nouvel \u00e9quipement structurant !<\/strong><\/p>\n<p>\u00a0<\/p>\n<p>\u00a0<\/p>\n<p>Une journ\u00e9e de partage pour les enfants et tous les habitants<\/p>\n<p>Apr\u00e8s les \u00e9coles <a href=\"https:\/\/www.marseille.fr\/education\/actualites\/inauguration-ecole-denise-toros-marter\" target=\"_blank\" rel=\"nofollow noopener\">Denise Toros-Marter<\/a> (9e), <a href=\"https:\/\/www.marseille.fr\/education\/actualites\/inauguration-ecole-simone-de-beauvoir\" target=\"_blank\" rel=\"nofollow noopener\">Simone de Beauvoir<\/a> (3e) et <a href=\"https:\/\/www.marseille.fr\/education\/actualites\/inauguration-ecoles-malpasse-les-oliviers\" target=\"_blank\" rel=\"nofollow noopener\">Malpass\u00e9 Les Oliviers<\/a> (13e) en 2024 et <a href=\"https:\/\/www.marseille.fr\/education\/actualites\/inauguration-ecoles-manouchian\" target=\"_blank\" rel=\"nofollow noopener\">M\u00e9lin\u00e9e et Missak Manouchian<\/a> (10e), <a href=\"https:\/\/www.marseille.fr\/education\/actualites\/inauguration-ecoles-saint-louis-gare\" target=\"_blank\" rel=\"nofollow noopener\">Saint-Louis Gare<\/a> (15e), <a href=\"https:\/\/www.marseille.fr\/education\/actualites\/inauguration-ecoles-les-fabriques\" target=\"_blank\" rel=\"nofollow noopener\">Les Fabriques<\/a> (15e) et <a href=\"https:\/\/www.marseille.fr\/education\/actualites\/inauguration-ecoles-vayssiere\" target=\"_blank\" rel=\"nofollow noopener\">Vayssi\u00e8re<\/a> (14e) en 2025, la Ville de Marseille vous convie \u00e0 <strong>l&rsquo;inauguration de la nouvelle \u00e9cole \u00e9l\u00e9mentaire des Abeilles<\/strong> (1er). L&rsquo;occasion de partager ensemble un moment de convivialit\u00e9 dans une ambiance de f\u00eate.<\/p>\n<p>\u00a0<\/p>\n<p>Au programme le samedi 28 juin de 10h \u00e0 18h<\/p>\n<p class=\"text-align-center\"><strong>\u00a0 \u00a0De 10h \u00e0 18h : <\/strong>kermesse et jeux pour enfants, activit\u00e9s sportives et stands gourmands<\/p>\n<p class=\"text-align-center\"><strong>10h : inauguration officielle <\/strong>en pr\u00e9sence de Beno\u00eet Payan, Maire de Marseille et Georges-Fran\u00e7ois Leclerc,<br \/>Pr\u00e9fet de la r\u00e9gion Provence-Alpes-C\u00f4te d\u2019Azur &#8211; Pr\u00e9fet des Bouches-du-Rh\u00f4ne<\/p>\n<p class=\"text-align-center\"><strong>16h :<\/strong> boum boom des enfants<\/p>\n<p class=\"text-align-center\">\u00a0<\/p>\n<p class=\"text-align-center\"><a class=\"btn btn-primary\" href=\"https:\/\/www.marseille.fr\/sites\/default\/files\/contenu\/education\/PDF\/depliant-ecole-les-abeilles-2.pdf\" target=\"_blank\" rel=\"nofollow noopener\">D\u00e9pliant de l&rsquo;inauguration (PDF)<\/a><\/p>\n<p>\u00a0<\/p>\n<p>O\u00f9 ?<\/p>\n<p class=\"text-align-center\"><strong>\u00c9cole des Abeilles<\/strong><br \/>17 rue des Abeilles<br \/>13001 Marseille<\/p>\n<p>\u00a0<\/p>\n<p class=\"text-align-center\">\n<p>\u00a0<\/p>\n<p class=\"text-align-center\">\u00a0<\/p>\n<p class=\"text-align-center\">\u00a0<\/p>\n<p><img decoding=\"async\" src=\"https:\/\/www.europesays.com\/fr\/wp-content\/uploads\/2025\/06\/ecole-avant_apres-abeilles.png\" alt=\"\" width=\"1920\" height=\"1080\" class=\"align-center\" loading=\"lazy\"\/><\/p>\n<p class=\"text-align-center\">\u00a0<\/p>\n<p class=\"text-align-center\">\u00a0<\/p>\n<p>Une nouvelle \u00e9cole pour le centre-ville<\/p>\n<p>Une nouvelle \u00e9cole moderne, durable, avec des \u00e9quipements pour les enfants, dans le respect de l\u2019architecture de l\u2019\u00e9cole de 1850 et du quartier.\u00a0<\/p>\n<p>Cette nouvelle \u00e9cole se compose de :<\/p>\n<ul class=\"list-disclosure-closed\">\n<li><strong>7 classes \u00e9l\u00e9mentaires<\/strong>,<\/li>\n<li><strong>1 biblioth\u00e8que<\/strong>,<\/li>\n<li><strong>1 salle polyvalente<\/strong>,<\/li>\n<li><strong>1 salle de restauration<\/strong>,<\/li>\n<li><strong>1 gymnase<\/strong>.<\/li>\n<\/ul>\n<p>\u00a0<\/p>\n<p>Ce nouvel \u00e9tablissement vise <strong>l&rsquo;excellence pour tous<\/strong> et int\u00e8gre notamment :\u00a0<\/p>\n<ul class=\"list-disclosure-closed\">\n<li>des \u00e9crans num\u00e9riques interactifs pour un apprentissage dynamique,<\/li>\n<li>un gymnase int\u00e9gr\u00e9 \u00e0 l\u2019\u00e9cole \u00e0 disposition des \u00e9l\u00e8ves et du centre d\u2019animation des Abeilles.<\/li>\n<\/ul>\n<p>\u00a0<\/p>\n<p>En 2027, une seconde \u00e9cole \u00e9l\u00e9mentaire verra le jour rue des Abeilles.<br \/>\u00a0<\/p>\n<p class=\"text-align-center\">\u00a0<\/p>\n<p class=\"text-align-center\"><a class=\"btn btn-primary\" href=\"https:\/\/www.marseille.fr\/ecoles\/nouvelles-ecoles\/abeilles\" target=\"_blank\" rel=\"nofollow noopener\">En savoir plus sur la nouvelle \u00e9cole des Abeilles<\/a><\/p>\n<p class=\"text-align-center\">\u00a0<\/p>\n<p class=\"text-align-center\">Ce nouvel \u00e9tablissement a ouvert dans le cadre du <strong>Plan \u00e9coles qui reb\u00e2tit \u00e0 Marseille une \u00e9cole \u00e0 la hauteur des enjeux de notre \u00e9poque<\/strong>.<\/p>\n<p class=\"text-align-center\">\u00a0<\/p>\n<p class=\"text-align-center\"><a class=\"btn btn-primary\" href=\"https:\/\/www.marseille.fr\/ecoles#plan-ecoles\" target=\"_blank\" rel=\"nofollow noopener\">Tout savoir sur le Plan \u00e9coles<\/a><\/p>\n<p>\u00a0<\/p>\n<p>\u00a0<\/p>\n<p class=\"text-align-center\">Photos : \u00a9 Ange Lorente et Anthony Carayol &#8211; Ville de Marseille<\/p>\n","protected":false},"excerpt":{"rendered":"Le samedi 28 juin sera c\u00e9l\u00e9br\u00e9e l&rsquo;inauguration officielle de l&rsquo;\u00e9cole des Abeilles dans le 1er arrondissement. Toutes les&hellip;\n","protected":false},"author":2,"featured_media":200391,"comment_status":"","ping_status":"","sticky":false,"template":"","format":"standard","meta":{"footnotes":""},"categories":[2814],"tags":[1111,11,1777,674,1011,27,884,12,882,25,6150],"class_list":{"0":"post-200390","1":"post","2":"type-post","3":"status-publish","4":"format-standard","5":"has-post-thumbnail","7":"category-marseille","8":"tag-actu","9":"tag-actualites","10":"tag-eu","11":"tag-europe","12":"tag-fr","13":"tag-france","14":"tag-marseille","15":"tag-news","16":"tag-provence-alpes-cote-dazur","17":"tag-republique-francaise","18":"tag-rss"},"share_on_mastodon":{"url":"https:\/\/pubeurope.com\/@fr\/114737660815932404","error":""},"_links":{"self":[{"href":"https:\/\/www.europesays.com\/fr\/wp-json\/wp\/v2\/posts\/200390","targetHints":{"allow":["GET"]}}],"collection":[{"href":"https:\/\/www.europesays.com\/fr\/wp-json\/wp\/v2\/posts"}],"about":[{"href":"https:\/\/www.europesays.com\/fr\/wp-json\/wp\/v2\/types\/post"}],"author":[{"embeddable":true,"href":"https:\/\/www.europesays.com\/fr\/wp-json\/wp\/v2\/users\/2"}],"replies":[{"embeddable":true,"href":"https:\/\/www.europesays.com\/fr\/wp-json\/wp\/v2\/comments?post=200390"}],"version-history":[{"count":0,"href":"https:\/\/www.europesays.com\/fr\/wp-json\/wp\/v2\/posts\/200390\/revisions"}],"wp:featuredmedia":[{"embeddable":true,"href":"https:\/\/www.europesays.com\/fr\/wp-json\/wp\/v2\/media\/200391"}],"wp:attachment":[{"href":"https:\/\/www.europesays.com\/fr\/wp-json\/wp\/v2\/media?parent=200390"}],"wp:term":[{"taxonomy":"category","embeddable":true,"href":"https:\/\/www.europesays.com\/fr\/wp-json\/wp\/v2\/categories?post=200390"},{"taxonomy":"post_tag","embeddable":true,"href":"https:\/\/www.europesays.com\/fr\/wp-json\/wp\/v2\/tags?post=200390"}],"curies":[{"name":"wp","href":"https:\/\/api.w.org\/{rel}","templated":true}]}}