{"id":200398,"date":"2025-06-24T09:38:09","date_gmt":"2025-06-24T09:38:09","guid":{"rendered":"https:\/\/www.europesays.com\/fr\/200398\/"},"modified":"2025-06-24T09:38:09","modified_gmt":"2025-06-24T09:38:09","slug":"sorbonne-sciences-po-creteil-saclay-ou-habiter-pour-profiter-de-sa-vie-quand-on-est-etudiant-a-paris-et-en-ile-de-france-2","status":"publish","type":"post","link":"https:\/\/www.europesays.com\/fr\/200398\/","title":{"rendered":"Sorbonne, Sciences-po, Cr\u00e9teil, Saclay\u2026 O\u00f9 habiter pour profiter de sa vie quand on est \u00e9tudiant \u00e0 Paris\u00a0et en \u00cele-de-France ?"},"content":{"rendered":"<p class=\"paragraph text_align_left lp-f-body-02\"><a href=\"https:\/\/www.leparisien.fr\/etudiant\/etudes\/parcoursup\/je-suis-834e-sur-liste-dattente-sur-parcoursup-les-candidats-oscillent-entre-douche-froide-et-soulagement-O2D2EPHH3VDZJIMQXCSF4IPHTQ.php\" target=\"_blank\" rel=\"noreferrer nofollow noopener\">L\u2019ann\u00e9e scolaire ou universitaire prend fin<\/a>\u2026 et il est d\u00e9j\u00e0 temps de pr\u00e9parer la rentr\u00e9e. En septembre, de nombreux jeunes seront contraints de quitter leur cocon familial ou la ville o\u00f9 ils r\u00e9sidaient pour venir \u00e9tudier dans une universit\u00e9 parisienne. <\/p>\n<p class=\"paragraph text_align_left lp-f-body-02\">D\u2019apr\u00e8s une \u00e9tude r\u00e9alis\u00e9e par <a href=\"https:\/\/www.apur.org\/sites\/default\/files\/enseignement_superieur_et_recherche.pdf?token=ekyxCix-\" target=\"_blank\" rel=\"noreferrer nofollow noopener\">l\u2019Atelier parisien d\u2019urbanisme (Apur)<\/a> en f\u00e9vrier 2024, 5 000 nouveaux \u00e9tudiants sont recens\u00e9s chaque ann\u00e9e \u00e0 Paris en moyenne depuis 20 ans. Dans le m\u00eame temps, 56 % des recherches de locations de logements \u00e9tudiants en \u00cele-de-France sont concentr\u00e9es sur Paris intra-muros, selon le site de location immobili\u00e8re Locservice.<\/p>\n","protected":false},"excerpt":{"rendered":"L\u2019ann\u00e9e scolaire ou universitaire prend fin\u2026 et il est d\u00e9j\u00e0 temps de pr\u00e9parer la rentr\u00e9e. En septembre, de&hellip;\n","protected":false},"author":2,"featured_media":200399,"comment_status":"","ping_status":"","sticky":false,"template":"","format":"standard","meta":{"footnotes":""},"categories":[1592],"tags":[1111,11,1777,674,1011,27,662,2684,12,626,25,104],"class_list":{"0":"post-200398","1":"post","2":"type-post","3":"status-publish","4":"format-standard","5":"has-post-thumbnail","7":"category-ile-de-france","8":"tag-actu","9":"tag-actualites","10":"tag-eu","11":"tag-europe","12":"tag-fr","13":"tag-france","14":"tag-ile-de-france","15":"tag-le-parisien-etudiant","16":"tag-news","17":"tag-paris","18":"tag-republique-francaise","19":"tag-societe"},"share_on_mastodon":{"url":"https:\/\/pubeurope.com\/@fr\/114737676735550964","error":""},"_links":{"self":[{"href":"https:\/\/www.europesays.com\/fr\/wp-json\/wp\/v2\/posts\/200398","targetHints":{"allow":["GET"]}}],"collection":[{"href":"https:\/\/www.europesays.com\/fr\/wp-json\/wp\/v2\/posts"}],"about":[{"href":"https:\/\/www.europesays.com\/fr\/wp-json\/wp\/v2\/types\/post"}],"author":[{"embeddable":true,"href":"https:\/\/www.europesays.com\/fr\/wp-json\/wp\/v2\/users\/2"}],"replies":[{"embeddable":true,"href":"https:\/\/www.europesays.com\/fr\/wp-json\/wp\/v2\/comments?post=200398"}],"version-history":[{"count":0,"href":"https:\/\/www.europesays.com\/fr\/wp-json\/wp\/v2\/posts\/200398\/revisions"}],"wp:featuredmedia":[{"embeddable":true,"href":"https:\/\/www.europesays.com\/fr\/wp-json\/wp\/v2\/media\/200399"}],"wp:attachment":[{"href":"https:\/\/www.europesays.com\/fr\/wp-json\/wp\/v2\/media?parent=200398"}],"wp:term":[{"taxonomy":"category","embeddable":true,"href":"https:\/\/www.europesays.com\/fr\/wp-json\/wp\/v2\/categories?post=200398"},{"taxonomy":"post_tag","embeddable":true,"href":"https:\/\/www.europesays.com\/fr\/wp-json\/wp\/v2\/tags?post=200398"}],"curies":[{"name":"wp","href":"https:\/\/api.w.org\/{rel}","templated":true}]}}