{"id":200491,"date":"2025-06-24T10:29:09","date_gmt":"2025-06-24T10:29:09","guid":{"rendered":"https:\/\/www.europesays.com\/fr\/200491\/"},"modified":"2025-06-24T10:29:09","modified_gmt":"2025-06-24T10:29:09","slug":"meteo-lalerte-canicule-reste-activee-en-isere-de-gros-orages-arrivent-les-zones-concernees","status":"publish","type":"post","link":"https:\/\/www.europesays.com\/fr\/200491\/","title":{"rendered":"M\u00e9t\u00e9o. L&rsquo;alerte canicule reste activ\u00e9e en Is\u00e8re, de gros orages arrivent : les zones concern\u00e9es"},"content":{"rendered":"<p>            Par<br \/>\n        <strong><br \/>\n            <a href=\"https:\/\/actu.fr\/auteur\/julien-sournies\" title=\"Consulter tous les articles de Julien Sournies\" rel=\"nofollow noopener\" target=\"_blank\">Julien Sournies<\/a><br \/>\n        <\/strong><\/p>\n<p>        Publi\u00e9 le<\/p>\n<p>            24 juin 2025 \u00e0 12h07        <\/p>\n<p>La m\u00e9t\u00e9o va changer du tout au tout d\u2019ici la fin de la semaine dans le d\u00e9partement de l\u2019<a href=\"https:\/\/actu.fr\/auvergne-rhone-alpes\/isere_38\" rel=\"nofollow noopener\" target=\"_blank\">Is\u00e8re<\/a>. Alors que l\u2019\u00e9pisode caniculaire va se poursuivre au moins jusqu\u2019\u00e0 ce mercredi 25\u00a0juin, <a href=\"https:\/\/actu.fr\/auvergne-rhone-alpes\/grenoble_38185\/meteo-apres-la-canicule-les-orages-de-retour-en-isere-ou-la-foudre-pourrait-tomber_62809114.html\" rel=\"nofollow noopener\" target=\"_blank\">l\u2019alerte orange \u00e9tant toujours activ\u00e9e<\/a> par <a href=\"https:\/\/actu.fr\/tag\/meteo-france\" rel=\"nofollow noopener\" target=\"_blank\">M\u00e9t\u00e9o-France<\/a>, le temps va progressivement se g\u00e2ter dans les prochains jours, laissant place \u00e0 de <strong>violents orages<\/strong>.<\/p>\n<p class=\" wall-content\">Voici \u00e0 quoi s\u2019attendre et quels sont les secteurs concern\u00e9s par la canicule et les potentiels impacts de foudre.<\/p>\n<p>Jusqu\u2019\u00e0 38\u00b0C \u00e0 Grenoble mercredi<\/p>\n<p class=\" wall-content\">Concernant la journ\u00e9e de ce mardi 24 juin, les temp\u00e9ratures resteront \u00e9lev\u00e9es dans les d\u00e9partements du Rh\u00f4ne et de l\u2019Is\u00e8re, en particulier dans les agglom\u00e9rations de Lyon et de <a href=\"https:\/\/actu.fr\/grenoble\/\" rel=\"nofollow noopener\" target=\"_blank\">Grenoble<\/a>, indique M\u00e9t\u00e9o-France dans son bulletin du jour.<\/p>\n<p class=\" wall-content\">Toujours selon le service m\u00e9t\u00e9o, les maximales atteindront \u00e0 nouveau 31 \u00e0 33\u00b0C en r\u00e9gions de plaine, et jusqu\u2019\u00e0 33 \u00e0 35\u00b0C dans les agglom\u00e9rations lyonnaises et grenobloises. La nuit prochaine, les temp\u00e9ratures minimales se maintiendront \u00e0 un niveau \u00e9lev\u00e9, entre 18 et 20\u00b0C.<\/p>\n<p class=\" wall-content\">Quant \u00e0 la journ\u00e9e de ce mercredi 25\u00a0juin, un nouveau pic caniculaire est attendu. Les temp\u00e9ratures maximales, en nette hausse, pourraient atteindre <strong>35 \u00e0 38\u00b0C<\/strong> localement, poursuit M\u00e9t\u00e9o-France.<\/p>\n<p>Vid\u00e9os : en ce moment sur ActuDe gros orages attendus \u00e0 Grenoble<\/p>\n<p class=\" wall-content\">Mais les orages vont progressivement prendre le pas sur le soleil \u00e9crasant ce jeudi 26\u00a0juin. En effet, selon M\u00e9t\u00e9o-France,<strong> la foudre devrait s\u2019abattre sur l\u2019ensemble du d\u00e9partement<\/strong> d\u00e8s le matin, except\u00e9 les secteurs de Voiron et La C\u00f4te-Saint-Andr\u00e9.<\/p>\n<p class=\" wall-content\">En revanche, l\u2019apr\u00e8s-midi, seule Grenoble devrait \u00eatre incommod\u00e9e par les orages. Du c\u00f4t\u00e9 des temp\u00e9ratures, le mercure va, lui aussi, grandement chuter. Alors que la barre des 38\u00b0C risque fortement d\u2019\u00eatre franchie dans la capitale des Alpes, le thermom\u00e8tre n\u2019exc\u00e9dera pas les 31\u00b0C ce jeudi, selon M\u00e9t\u00e9o-France.<\/p>\n<p class=\" wall-content\">L\u2019\u00e9pisode orageux devrait toutefois prendre fin en d\u00e9but de soir\u00e9e ce jeudi, avant de laisser la place \u00e0 une <strong>nouvelle vague de chaleur<\/strong> jusqu\u2019\u00e0 la fin du week-end.<\/p>\n<p class=\" wall-content\">Suivez toute l\u2019actualit\u00e9 de vos villes et m\u00e9dias favoris en vous inscrivant \u00e0 <a href=\"https:\/\/moncompte.actu.fr\" title=\"D\u00e9couvez Mon Actu\" rel=\"nofollow noopener\" data-trk=\"{&quot;cta&quot;:{&quot;action&quot;:&quot;https:\\\/\\\/moncompte.actu.fr&quot;,&quot;category&quot;:&quot;mon compte&quot;,&quot;from&quot;:&quot;article footer&quot;,&quot;name&quot;:&quot;Mon actu&quot;,&quot;type&quot;:&quot;cta&quot;}}\" target=\"_blank\">Mon Actu<\/a>.<\/p>\n","protected":false},"excerpt":{"rendered":"Par Julien Sournies Publi\u00e9 le 24 juin 2025 \u00e0 12h07 La m\u00e9t\u00e9o va changer du tout au tout&hellip;\n","protected":false},"author":2,"featured_media":200492,"comment_status":"","ping_status":"","sticky":false,"template":"","format":"standard","meta":{"footnotes":""},"categories":[9566],"tags":[1111,11,2430,6698,1777,674,1011,27,2731,2487,2357,12,4594,25],"class_list":{"0":"post-200491","1":"post","2":"type-post","3":"status-publish","4":"format-standard","5":"has-post-thumbnail","7":"category-grenoble","8":"tag-actu","9":"tag-actualites","10":"tag-auvergne-rhone-alpes","11":"tag-canicule","12":"tag-eu","13":"tag-europe","14":"tag-fr","15":"tag-france","16":"tag-grenoble","17":"tag-meteo","18":"tag-meteo-france","19":"tag-news","20":"tag-orages","21":"tag-republique-francaise"},"share_on_mastodon":{"url":"https:\/\/pubeurope.com\/@fr\/114737877088693373","error":""},"_links":{"self":[{"href":"https:\/\/www.europesays.com\/fr\/wp-json\/wp\/v2\/posts\/200491","targetHints":{"allow":["GET"]}}],"collection":[{"href":"https:\/\/www.europesays.com\/fr\/wp-json\/wp\/v2\/posts"}],"about":[{"href":"https:\/\/www.europesays.com\/fr\/wp-json\/wp\/v2\/types\/post"}],"author":[{"embeddable":true,"href":"https:\/\/www.europesays.com\/fr\/wp-json\/wp\/v2\/users\/2"}],"replies":[{"embeddable":true,"href":"https:\/\/www.europesays.com\/fr\/wp-json\/wp\/v2\/comments?post=200491"}],"version-history":[{"count":0,"href":"https:\/\/www.europesays.com\/fr\/wp-json\/wp\/v2\/posts\/200491\/revisions"}],"wp:featuredmedia":[{"embeddable":true,"href":"https:\/\/www.europesays.com\/fr\/wp-json\/wp\/v2\/media\/200492"}],"wp:attachment":[{"href":"https:\/\/www.europesays.com\/fr\/wp-json\/wp\/v2\/media?parent=200491"}],"wp:term":[{"taxonomy":"category","embeddable":true,"href":"https:\/\/www.europesays.com\/fr\/wp-json\/wp\/v2\/categories?post=200491"},{"taxonomy":"post_tag","embeddable":true,"href":"https:\/\/www.europesays.com\/fr\/wp-json\/wp\/v2\/tags?post=200491"}],"curies":[{"name":"wp","href":"https:\/\/api.w.org\/{rel}","templated":true}]}}