{"id":20054,"date":"2025-04-12T16:01:19","date_gmt":"2025-04-12T16:01:19","guid":{"rendered":"https:\/\/www.europesays.com\/fr\/20054\/"},"modified":"2025-04-12T16:01:19","modified_gmt":"2025-04-12T16:01:19","slug":"cyclisme-paris-roubaix-wout-van-aert-il-nous-faudra-un-bon-plan-pour-les-surprendre","status":"publish","type":"post","link":"https:\/\/www.europesays.com\/fr\/20054\/","title":{"rendered":"Cyclisme. Paris-Roubaix &#8211; Wout Van Aert : \u00abIl nous faudra un bon plan pour les surprendre\u00bb"},"content":{"rendered":"<p>Est-ce que 2025 sera l&rsquo;ann\u00e9e de <strong>Wout Van Aert<\/strong> ? Pas au niveau en 2021, malchanceux en 2022 et en 2023, absent en 2024&#8230; le Belge n&rsquo;a jamais \u00e9t\u00e9 en r\u00e9ussite sur <strong><a href=\"https:\/\/www.cyclismactu.net\/..\/news-cyclisme-route-paris-roubaix-startlist-et-nos-favoris-122e-paris-roubaix-c-est-dimanche-87241.html\" target=\"_blank\" rel=\"nofollow noopener\">Paris-Roubaix<\/a><\/strong>, mais esp\u00e8re accrocher pour la premi\u00e8re fois ce Monument \u00e0 son palmar\u00e8s. Ce dimanche,<strong> Van Aert<\/strong> sera accompagn\u00e9 d&rsquo;une solide \u00e9quipe <strong>Visma | Lease a Bike <\/strong>sur l&rsquo;Enfer du Nord. Si<strong> Tiesj Benoot<\/strong> et <strong>Matteo Jorgenson<\/strong>, tr\u00e8s forts sur le<strong> Tour des Flandres<\/strong>, ne seront pas l\u00e0, il pourra tout de m\u00eame compter sur <strong>Dylan van Baarle<\/strong>, vainqueur en 2022. Les exp\u00e9riment\u00e9s <strong>Julien Vermote<\/strong> et<strong> Edoardo Affini<\/strong>, et les jeunes <strong>Niklas Behrens<\/strong> et <strong>Per Strand Hagenes<\/strong> seront aussi \u00e0 ses c\u00f4t\u00e9s. En revanche, la surprise vient du c\u00f4t\u00e9 de <strong>Matthew Brennan<\/strong>. La r\u00e9v\u00e9lation de ce d\u00e9but de saison sera en effet pr\u00e9sent sur <strong>Paris-Roubaix<\/strong>, qui n&rsquo;\u00e9tait pourtant pas pr\u00e9vu \u00e0 son programme. Apr\u00e8s sa d\u00e9monstration sur le <strong>GP de Denain<\/strong>, qui fait office de \u00ab\u00a0mini Paris-Roubaix\u00a0\u00bb, le Britannique d&rsquo;\u00e0 peine 19 ans va donc d\u00e9couvrir l&rsquo;Enfer du Nord.<\/p>\n<p>Vid\u00e9o &#8211; Wout Van Aert pas loin de la chute en pleine reconnaissance Lire la suite de l&rsquo;article&#13;<\/p>\n<p>\u00a0<\/p>\n<p>&#13;<br \/>\n\u00ab\u00a0Un bon plan pour tenter de surprendre les grands favoris\u00a0\u00bb&#13;<\/p>\n<p>\u00ab\u00a0Je viens avec de bonnes sensations de la semaine derni\u00e8re\u00a0\u00bb, a d\u00e9clar\u00e9 dans un communiqu\u00e9\u00a0<strong>Van Aert<\/strong>, 4e du dernier <strong>Ronde<\/strong>. \u00ab\u00a0Sur A Travers la Flandre comme sur le Tour des Flandres, je me suis senti fort, et en tant qu\u2019\u00e9quipe, nous avons tr\u00e8s bien couru. \u00c7a donne de la confiance. Malheureusement, il y avait toujours quelques coureurs un peu plus forts. On retrouvera les m\u00eames adversaires \u00e0 Roubaix, une course que j\u2019attends toujours avec impatience. Il nous faudra donc, encore une fois, un bon plan pour tenter de surprendre les grands favoris.\u00a0\u00bb<\/p>\n<p>&#13;<\/p>\n<p>\u00ab\u00a0Je n\u2019arr\u00eate pas de me surprendre semaine apr\u00e8s semaine pour ma premi\u00e8re saison chez les pros, pas seulement par les r\u00e9sultats, mais aussi par les courses auxquelles je particip\u00e9\u00a0\u00bb, a poursuivi <strong>Brennnan<\/strong>. \u00ab\u00a0L\u2019Omloop Het Nieuwsblad a \u00e9t\u00e9 ma premi\u00e8re vraie classique, et elle m\u2019a donn\u00e9 envie d\u2019en d\u00e9couvrir encore plus. J\u2019en ai pris plein les yeux. Ensuite est venu le GP Denain, et gagner directement l\u00e0-bas a \u00e9t\u00e9 vraiment sp\u00e9cial. J\u2019attends dimanche avec \u00e9norm\u00e9ment d\u2019impatience. Paris-Roubaix, c\u2019est le genre de course dont r\u00eavent les jeunes coureurs. Y prendre le d\u00e9part, c\u2019est d\u00e9j\u00e0 un investissement incroyablement pr\u00e9cieux pour l\u2019avenir.\u00a0\u00bb<\/p>\n","protected":false},"excerpt":{"rendered":"Est-ce que 2025 sera l&rsquo;ann\u00e9e de Wout Van Aert ? Pas au niveau en 2021, malchanceux en 2022&hellip;\n","protected":false},"author":2,"featured_media":20055,"comment_status":"","ping_status":"","sticky":false,"template":"","format":"standard","meta":{"footnotes":""},"categories":[1411],"tags":[1154,207,211,1011,27,1656,209,60,210,212,208,213],"class_list":{"0":"post-20054","1":"post","2":"type-post","3":"status-publish","4":"format-standard","5":"has-post-thumbnail","7":"category-cyclisme","8":"tag-cycling","9":"tag-cyclisme","10":"tag-ffc","11":"tag-fr","12":"tag-france","13":"tag-paris-roubaix","14":"tag-route","15":"tag-sports","16":"tag-tour-de-france","17":"tag-uci","18":"tag-velo","19":"tag-world-tour"},"share_on_mastodon":{"url":"https:\/\/pubeurope.com\/@fr\/114325833959953398","error":""},"_links":{"self":[{"href":"https:\/\/www.europesays.com\/fr\/wp-json\/wp\/v2\/posts\/20054","targetHints":{"allow":["GET"]}}],"collection":[{"href":"https:\/\/www.europesays.com\/fr\/wp-json\/wp\/v2\/posts"}],"about":[{"href":"https:\/\/www.europesays.com\/fr\/wp-json\/wp\/v2\/types\/post"}],"author":[{"embeddable":true,"href":"https:\/\/www.europesays.com\/fr\/wp-json\/wp\/v2\/users\/2"}],"replies":[{"embeddable":true,"href":"https:\/\/www.europesays.com\/fr\/wp-json\/wp\/v2\/comments?post=20054"}],"version-history":[{"count":0,"href":"https:\/\/www.europesays.com\/fr\/wp-json\/wp\/v2\/posts\/20054\/revisions"}],"wp:featuredmedia":[{"embeddable":true,"href":"https:\/\/www.europesays.com\/fr\/wp-json\/wp\/v2\/media\/20055"}],"wp:attachment":[{"href":"https:\/\/www.europesays.com\/fr\/wp-json\/wp\/v2\/media?parent=20054"}],"wp:term":[{"taxonomy":"category","embeddable":true,"href":"https:\/\/www.europesays.com\/fr\/wp-json\/wp\/v2\/categories?post=20054"},{"taxonomy":"post_tag","embeddable":true,"href":"https:\/\/www.europesays.com\/fr\/wp-json\/wp\/v2\/tags?post=20054"}],"curies":[{"name":"wp","href":"https:\/\/api.w.org\/{rel}","templated":true}]}}