{"id":200553,"date":"2025-06-24T11:03:09","date_gmt":"2025-06-24T11:03:09","guid":{"rendered":"https:\/\/www.europesays.com\/fr\/200553\/"},"modified":"2025-06-24T11:03:09","modified_gmt":"2025-06-24T11:03:09","slug":"le-gouvernement-donne-le-dernier-mot-a-lassemblee-apres-lechec-des-negociations","status":"publish","type":"post","link":"https:\/\/www.europesays.com\/fr\/200553\/","title":{"rendered":"le gouvernement donne le dernier mot \u00e0 l\u2019Assembl\u00e9e apr\u00e8s l\u2019\u00e9chec des n\u00e9gociations"},"content":{"rendered":"<p><strong>INFO LE FIGARO<\/strong> &#8211; La simplification des r\u00e8gles \u00e9lectorales doit \u00eatre soumise une nouvelle fois aux d\u00e9put\u00e9s, d\u2019ici au 11 juillet, apr\u00e8s l\u2019absence d\u2019accord d\u00e9put\u00e9s-s\u00e9nateurs.<\/p>\n<p class=\"fig-paragraph\">Le gouvernement veut sa r\u00e9forme du mode de scrutin \u00e0 Paris, Lyon et Marseille. Selon les informations du Figaro, il a choisi de donner le dernier mot \u00e0 l\u2019Assembl\u00e9e nationale, d\u2019ici \u00e0 la pause parlementaire du 11 juillet, sur ce texte cens\u00e9 rendre plus directes les \u00e9lections municipales de mars 2026, dans les trois plus grandes villes fran\u00e7aises.<\/p>\n<p class=\"fig-paragraph\">Cette d\u00e9cision d\u2019avancer au plus vite a \u00e9t\u00e9 prise mardi matin, apr\u00e8s l\u2019\u00e9chec des n\u00e9gociations entre sept d\u00e9put\u00e9s et sept s\u00e9nateurs, en commission mixte paritaire (CMP). \u00abNous n\u2019avons pas le choix, indique une source gouvernementale. Nous avons acc\u00e9d\u00e9 &#8211; voire c\u00e9d\u00e9 &#8211; aux demandes du S\u00e9nat, qui est rest\u00e9 bloqu\u00e9 sur sa position.\u00bb \u00abLe S\u00e9nat a fait en sorte de dynamiter la CMP et a claqu\u00e9 la porte au nez des d\u00e9put\u00e9s sur des motifs politiciens\u00bb, ajoute une autre source gouvernementale.<\/p>\n<p class=\"fig-body-link\">\n            \u00c0 lire aussi<br \/>\n        <a class=\"fig-body-link__link\" href=\"http:\/\/www.lefigaro.fr\/flash-actu\/la-reforme-du-mode-de-scrutin-municipal-a-lyon-marseille-et-paris-divise-fortement-les-elus-20250205\" data-fig-type=\"NewsFlash\" data-gtm-custom-categorie=\"navigation\" data-gtm-custom-action=\"crossclick\" data-gtm-custom-label=\"Contextuel\" data-gtm-event=\"customEventSPE\" data-fig-domain=\"LEFIGARO\" target=\"_blank\" rel=\"noopener\">La r\u00e9forme du mode de scrutin municipal \u00e0 Lyon, Marseille et Paris divise fortement les \u00e9lus<br \/>\n    <\/a>\n<\/p>\n<p class=\"fig-paragraph\">Aucun consensus n\u2019a \u00e9t\u00e9 trouv\u00e9 entre les parlementaires sur la proposition de loi du d\u00e9put\u00e9 macroniste de Paris Sylvain Maillard, qui d\u00e9fend un \u00abprincipe d\u00e9mocratique\u00bb\u00a0: \u00abun Parisien \u00e9gale une voix\u00bb, \u00abun Lyonnais \u00e9gale une voix\u00bb, \u00abun Marseillais \u00e9gale une voix\u00bb. Il s\u2019agit de faire voter ces \u00e9lecteurs comme ceux des autres communes\u00a0: ils voteraient pour leurs \u00e9lus \u00e0 l\u2019\u00e9chelle de leur ville et non plus \u00e0 l\u2019\u00e9chelle de leur secteur (\u00e0 Marseille) ou de leur arrondissement (\u00e0 Paris et \u00e0 Lyon).<\/p>\n<p class=\"fig-paragraph\">Ce texte, sur lequel la \u00abproc\u00e9dure acc\u00e9l\u00e9r\u00e9e\u00bb a \u00e9t\u00e9 activ\u00e9e, a \u00e9t\u00e9 largement adopt\u00e9 \u00e0 l\u2019Assembl\u00e9e nationale en avril, gr\u00e2ce \u00e0 l\u2019appui du \u00abbloc central\u00bb, du Rassemblement national (RN) et des Insoumis, avant d\u2019\u00eatre massivement rejet\u00e9e en mai par le S\u00e9nat, domin\u00e9 par la droite. Le parti Les R\u00e9publicains (LR) se divisent\u00a0: ses d\u00e9put\u00e9s le soutiennent, comme le leur a demand\u00e9 la ministre de la Culture Rachida Dati, pressentie pour \u00eatre candidate \u00e0 Paris, mais ses s\u00e9nateurs de ce parti s\u2019opposent \u00e0 un \u00abtripatouillage \u00e9lectoral\u00bb.<\/p>\n<p class=\"fig-paragraph\">Mardi, la r\u00e9union entre parlementaires a capot\u00e9 au bout de quinze minutes. Le rapporteur de l\u2019Assembl\u00e9e nationale, le d\u00e9put\u00e9 bayrouiste Jean-Paul Mattei, a pourtant tent\u00e9, d\u00e8s le d\u00e9but, de faire un pas vers les s\u00e9nateurs, en listant une s\u00e9rie de concessions. Mais la rapporteure du S\u00e9nat, Lauriane Josende (LR), a r\u00e9pondu qu\u2019aucun compromis n\u2019\u00e9tait envisageable.<\/p>\n<p>\u00abD\u00e9claration de guerre\u00bb<\/p>\n<p class=\"fig-paragraph\">La pr\u00e9sidente de la commission mixte paritaire, la s\u00e9natrice LR Muriel Jourda, a alors conclu qu\u2019une tr\u00e8s large majorit\u00e9 des d\u00e9put\u00e9s \u00e9tant favorables \u00e0 cette loi, et une tr\u00e8s large majorit\u00e9 des s\u00e9nateurs y \u00e9tant hostiles, il ne servait \u00e0 rien de forcer une n\u00e9gociation conclusive pour qu\u2019in fine le texte soit \u00e0 nouveau rejet\u00e9 par le S\u00e9nat et adopt\u00e9 par l\u2019Assembl\u00e9e, lors d\u2019un vote final.<\/p>\n<p class=\"fig-paragraph\">\u00abLa rapporteure du S\u00e9nat n\u2019a pas voulu entrer dans la n\u00e9gociation alors que Mattei avait tendu la perche\u00bb, regrette la d\u00e9put\u00e9e Insoumise Nathalie Oziol, pr\u00e9sente lors de cette r\u00e9union. \u00abLes autres d\u00e9put\u00e9s, LR, LFI ou RN n\u2019ont pas pris la parole pour soutenir Mattei\u00bb, note quant \u00e0 elle la s\u00e9natrice centriste Isabelle Florennes, seule membre de cette commission issue du S\u00e9nat et favorable \u00e0 cette loi. Avant d\u2019ajouter\u00a0: \u00ab\u00c0 partir du moment o\u00f9 les deux rapporteurs avaient act\u00e9 hier soir qu\u2019il n\u2019y avait pas d\u2019accord possible entre eux, l\u2019id\u00e9e \u00e9tait qu\u2019aujourd\u2019hui tout aille tr\u00e8s vite\u00bb.<\/p>\n<p class=\"fig-body-link\">\n            \u00c0 lire aussi<br \/>\n        <a class=\"fig-body-link__link fig-premium-mark\" href=\"http:\/\/www.lefigaro.fr\/vox\/politique\/municipales-paris-ne-doit-plus-etre-une-anomalie-democratique-20250317\" data-fig-type=\"Article\" data-gtm-custom-categorie=\"navigation\" data-gtm-custom-action=\"crossclick\" data-gtm-custom-label=\"Contextuel\" data-gtm-event=\"customEventSPE\" data-fig-domain=\"LEFIGARO\" target=\"_blank\" rel=\"noopener\">Municipales: \u00abParis ne doit plus \u00eatre une anomalie d\u00e9mocratique\u00a0!\u00bb<br \/>\n    <\/a>\n<\/p>\n<p class=\"fig-paragraph\">Le choix du gouvernement d\u2019aller jusqu\u2019au bout de l\u2019examen du texte risque de tendre ses relations avec Les R\u00e9publicains. \u00abUne d\u00e9claration de guerre avec LR\u00bb, affirme un s\u00e9nateur. \u00abOn est sur la corde raide, on pourrait se f\u00e2cher encore un peu plus\u00bb, abonde un autre \u00e9lu du Palais du Luxembourg.<\/p>\n<p class=\"fig-paragraph\">Dans plusieurs villes concern\u00e9es, des \u00e9lus de premier plan poussent le gouvernement \u00e0 renoncer \u00e0 cette r\u00e9forme. \u00abJ\u2019appelle le premier ministre \u00e0 ne pas passer en force, affirme la maire socialiste de Paris, Anne Hidalgo, et \u00e0 renoncer \u00e0 ce projet n\u00e9faste pour la d\u00e9mocratie, conform\u00e9ment \u00e0 son engagement pris devant le S\u00e9nat, le 19 f\u00e9vrier.\u00bb Ce jour-l\u00e0, Fran\u00e7ois Bayrou a d\u00e9clar\u00e9 \u00abne pas imaginer\u00bb, qu\u2019un texte \u00abpuisse \u00eatre adopt\u00e9 sur ce sujet sans qu\u2019un accord soit trouv\u00e9 entre l\u2019Assembl\u00e9e nationale et le S\u00e9nat\u00bb.<\/p>\n<p>\u00c0 Marseille, le pr\u00e9sident (Renaissance) de la r\u00e9gion Provence-Alpes-C\u00f4te d\u2019Azur, Renaud Muselier, insiste\u00a0: \u00abJe dis au gouvernement, que j\u2019ai toujours soutenu mais pas sur ce sujet\u00a0: il faut qu\u2019on arr\u00eate les frais, qu\u2019on arr\u00eate de bricoler les \u00e9lections \u00e0 moins d\u2019un an du scrutin et qu\u2019on passe aux choses s\u00e9rieuses. On parle de millions d\u2019habitants dans les trois plus grandes villes de France\u00a0!\u00bb.<\/p>\n","protected":false},"excerpt":{"rendered":"INFO LE FIGARO &#8211; La simplification des r\u00e8gles \u00e9lectorales doit \u00eatre soumise une nouvelle fois aux d\u00e9put\u00e9s, d\u2019ici&hellip;\n","protected":false},"author":2,"featured_media":200554,"comment_status":"","ping_status":"","sticky":false,"template":"","format":"standard","meta":{"footnotes":""},"categories":[2],"tags":[11,416,426,427,422,423,1011,27,431,418,424,425,420,421,2428,884,12,419,626,316,429,25,428],"class_list":{"0":"post-200553","1":"post","2":"type-post","3":"status-publish","4":"format-standard","5":"has-post-thumbnail","7":"category-actualites","8":"tag-actualites","9":"tag-assemblee-nationale","10":"tag-candidat","11":"tag-candidats","12":"tag-depute","13":"tag-deputes","14":"tag-fr","15":"tag-france","16":"tag-francois-bayrou","17":"tag-gouvernement","18":"tag-institution","19":"tag-institutions","20":"tag-loi","21":"tag-lois","22":"tag-lyon","23":"tag-marseille","24":"tag-news","25":"tag-opposition","26":"tag-paris","27":"tag-politique","28":"tag-ps","29":"tag-republique-francaise","30":"tag-ump"},"share_on_mastodon":{"url":"https:\/\/pubeurope.com\/@fr\/114738010735134581","error":""},"_links":{"self":[{"href":"https:\/\/www.europesays.com\/fr\/wp-json\/wp\/v2\/posts\/200553","targetHints":{"allow":["GET"]}}],"collection":[{"href":"https:\/\/www.europesays.com\/fr\/wp-json\/wp\/v2\/posts"}],"about":[{"href":"https:\/\/www.europesays.com\/fr\/wp-json\/wp\/v2\/types\/post"}],"author":[{"embeddable":true,"href":"https:\/\/www.europesays.com\/fr\/wp-json\/wp\/v2\/users\/2"}],"replies":[{"embeddable":true,"href":"https:\/\/www.europesays.com\/fr\/wp-json\/wp\/v2\/comments?post=200553"}],"version-history":[{"count":0,"href":"https:\/\/www.europesays.com\/fr\/wp-json\/wp\/v2\/posts\/200553\/revisions"}],"wp:featuredmedia":[{"embeddable":true,"href":"https:\/\/www.europesays.com\/fr\/wp-json\/wp\/v2\/media\/200554"}],"wp:attachment":[{"href":"https:\/\/www.europesays.com\/fr\/wp-json\/wp\/v2\/media?parent=200553"}],"wp:term":[{"taxonomy":"category","embeddable":true,"href":"https:\/\/www.europesays.com\/fr\/wp-json\/wp\/v2\/categories?post=200553"},{"taxonomy":"post_tag","embeddable":true,"href":"https:\/\/www.europesays.com\/fr\/wp-json\/wp\/v2\/tags?post=200553"}],"curies":[{"name":"wp","href":"https:\/\/api.w.org\/{rel}","templated":true}]}}