{"id":200561,"date":"2025-06-24T11:08:09","date_gmt":"2025-06-24T11:08:09","guid":{"rendered":"https:\/\/www.europesays.com\/fr\/200561\/"},"modified":"2025-06-24T11:08:09","modified_gmt":"2025-06-24T11:08:09","slug":"cameron-woki-blanchi-son-carton-rouge-contre-langleterre-annule","status":"publish","type":"post","link":"https:\/\/www.europesays.com\/fr\/200561\/","title":{"rendered":"Cameron Woki blanchi, son carton rouge contre l\u2019Angleterre annul\u00e9"},"content":{"rendered":"<p>La commission disciplinaire ind\u00e9pendante a estim\u00e9 que la faute du troisi\u00e8me-ligne fran\u00e7ais ne m\u00e9ritait pas un carton rouge.<\/p>\n<p class=\"fig-paragraph\">Le troisi\u00e8me-ligne du XV de France,<a href=\"http:\/\/www.lefigaro.fr\/sports\/rugby\/xv-de-france\/rugby-woki-privee-de-tournee-avec-les-bleus-reponse-mardi-20250622\" data-fig-type=\"NewsFlash\" data-gtm-custom-categorie=\"navigation\" data-gtm-custom-action=\"crossclick\" data-gtm-custom-label=\"Contextuel\" data-gtm-event=\"customEventSPE\" data-fig-domain=\"LEFIGARO\" target=\"_blank\" rel=\"noopener\">\u00a0Cameron Woki<\/a>, comparaissait ce mardi devant une commission disciplinaire ind\u00e9pendante \u00e0 la suite du carton rouge pour jeu d\u00e9loyal dont il avait \u00e9cop\u00e9, samedi \u00e0 Twickenham,<a href=\"http:\/\/www.lefigaro.fr\/sports\/rugby\/xv-de-france\/rugby-renversant-le-xv-de-france-a-s-impose-au-bout-du-suspense-a-twickenham-20250621\" data-fig-type=\"NewsFlash\" data-gtm-custom-categorie=\"navigation\" data-gtm-custom-action=\"crossclick\" data-gtm-custom-label=\"Contextuel\" data-gtm-event=\"customEventSPE\" data-fig-domain=\"LEFIGARO\" target=\"_blank\" rel=\"noopener\">\u00a0lors du match de pr\u00e9paration Angleterre A-France A.<\/a><\/p>\n<p class=\"fig-paragraph\">Apr\u00e8s avoir examin\u00e9 les images disponibles et les angles suppl\u00e9mentaires, cette commission \u00aba d\u00e9termin\u00e9 que l\u2019action ne justifiait pas un carton rouge\u00bb. concluant que \u00abl\u2019action ne pr\u00e9sentait pas un degr\u00e9 \u00e9lev\u00e9 de danger\u00bb.<\/p>\n<p class=\"fig-body-link\">\n            \u00c0 lire aussi<br \/>\n        <a class=\"fig-body-link__link\" href=\"http:\/\/www.lefigaro.fr\/sports\/rugby\/xv-de-france\/angleterre-xv-france-a-en-video-le-resume-de-la-victoire-sur-le-fil-des-bleus-20250621\" data-fig-type=\"NewsFlash\" data-gtm-custom-categorie=\"navigation\" data-gtm-custom-action=\"crossclick\" data-gtm-custom-label=\"Contextuel\" data-gtm-event=\"customEventSPE\" data-fig-domain=\"LEFIGARO\" target=\"_blank\" rel=\"noopener\">Angleterre XV-France A\u00a0: en vid\u00e9o, le r\u00e9sum\u00e9 de la victoire sur le fil des Bleus<br \/>\n    <\/a>\n<\/p>\n<p class=\"fig-paragraph\">\u00abPar cons\u00e9quent, un carton rouge n\u2019aurait pas d\u00fb \u00eatre \u00e9mis. Le joueur est donc libre de jouer.\u00bb Ce mardi,\u00a0<a href=\"http:\/\/www.lefigaro.fr\/sports\/rugby\/xv-de-france\/xv-de-france-fabien-galthie-repousse-l-annonce-de-sa-liste-pour-la-tournee-en-nouvelle-zelande-a-mardi-20250622\" data-fig-type=\"NewsFlash\" data-gtm-custom-categorie=\"navigation\" data-gtm-custom-action=\"crossclick\" data-gtm-custom-label=\"Contextuel\" data-gtm-event=\"customEventSPE\" data-fig-domain=\"LEFIGARO\" target=\"_blank\" rel=\"noopener\">Fabien Galthi\u00e9 doit annoncer une liste de 37 joueurs\u00a0<\/a>retenus pour la tourn\u00e9e du XV de France en Nouvelle-Z\u00e9lande cet \u00e9t\u00e9 o\u00f9 les Bleus disputeront trois test-matchs, les 5, 12 et 19 juillet.<\/p>\n","protected":false},"excerpt":{"rendered":"La commission disciplinaire ind\u00e9pendante a estim\u00e9 que la faute du troisi\u00e8me-ligne fran\u00e7ais ne m\u00e9ritait pas un carton rouge.&hellip;\n","protected":false},"author":2,"featured_media":200562,"comment_status":"","ping_status":"","sticky":false,"template":"","format":"standard","meta":{"footnotes":""},"categories":[1416],"tags":[2306,47,2305,525,33286,3984,451,64,515,1011,27,1922,9414,1980,479,1468,2259,2307,60,513],"class_list":{"0":"post-200561","1":"post","2":"type-post","3":"status-publish","4":"format-standard","5":"has-post-thumbnail","7":"category-rugby","8":"tag-6-nations","9":"tag-actualite","10":"tag-all-blacks","11":"tag-calendrier","12":"tag-cameron-woki","13":"tag-composition","14":"tag-coupe-du-monde","15":"tag-equipe-de-france","16":"tag-fabien-galthie","17":"tag-fr","18":"tag-france","19":"tag-info","20":"tag-marcoussis","21":"tag-resultats","22":"tag-rugby","23":"tag-rugby-football","24":"tag-score","25":"tag-six-nations","26":"tag-sports","27":"tag-xv-de-france"},"share_on_mastodon":{"url":"https:\/\/pubeurope.com\/@fr\/114738030408889142","error":""},"_links":{"self":[{"href":"https:\/\/www.europesays.com\/fr\/wp-json\/wp\/v2\/posts\/200561","targetHints":{"allow":["GET"]}}],"collection":[{"href":"https:\/\/www.europesays.com\/fr\/wp-json\/wp\/v2\/posts"}],"about":[{"href":"https:\/\/www.europesays.com\/fr\/wp-json\/wp\/v2\/types\/post"}],"author":[{"embeddable":true,"href":"https:\/\/www.europesays.com\/fr\/wp-json\/wp\/v2\/users\/2"}],"replies":[{"embeddable":true,"href":"https:\/\/www.europesays.com\/fr\/wp-json\/wp\/v2\/comments?post=200561"}],"version-history":[{"count":0,"href":"https:\/\/www.europesays.com\/fr\/wp-json\/wp\/v2\/posts\/200561\/revisions"}],"wp:featuredmedia":[{"embeddable":true,"href":"https:\/\/www.europesays.com\/fr\/wp-json\/wp\/v2\/media\/200562"}],"wp:attachment":[{"href":"https:\/\/www.europesays.com\/fr\/wp-json\/wp\/v2\/media?parent=200561"}],"wp:term":[{"taxonomy":"category","embeddable":true,"href":"https:\/\/www.europesays.com\/fr\/wp-json\/wp\/v2\/categories?post=200561"},{"taxonomy":"post_tag","embeddable":true,"href":"https:\/\/www.europesays.com\/fr\/wp-json\/wp\/v2\/tags?post=200561"}],"curies":[{"name":"wp","href":"https:\/\/api.w.org\/{rel}","templated":true}]}}