{"id":200571,"date":"2025-06-24T11:15:10","date_gmt":"2025-06-24T11:15:10","guid":{"rendered":"https:\/\/www.europesays.com\/fr\/200571\/"},"modified":"2025-06-24T11:15:10","modified_gmt":"2025-06-24T11:15:10","slug":"kylian-mbappe-transforme-ce-detail-physique-pas-passe-inapercu-apres-son-sejour-a-lhopital","status":"publish","type":"post","link":"https:\/\/www.europesays.com\/fr\/200571\/","title":{"rendered":"Kylian Mbapp\u00e9 transform\u00e9 ? Ce d\u00e9tail physique pas pass\u00e9 inaper\u00e7u apr\u00e8s son s\u00e9jour \u00e0 l&rsquo;h\u00f4pital"},"content":{"rendered":"<p>L\u2019\u00e9tat de sant\u00e9 de Kylian Mbapp\u00e9 provoque des inqui\u00e9tudes. En<br \/>\neffet, le capitaine des Bleus a manqu\u00e9 les deux premiers matchs du<br \/>\nReal de Madrid dans le cadre de la Coupe du monde des clubs. Et<br \/>\npour cause, <a href=\"https:\/\/www.closermag.fr\/people\/kylian-mbappe-hospitalise-le-verdict-est-tombe-et-il-fait-tres-mal-3556518\" rel=\"nofollow noopener\" target=\"_blank\"><br \/>\nle joueur a \u00e9t\u00e9 hospitalis\u00e9<\/a> pour une<br \/>\n<strong>gastro-ent\u00e9rite<\/strong>. Ce lundi 23 juin 2025, des images<br \/>\ndiffus\u00e9es par le club espagnol ont \u00e9t\u00e9 d\u00e9voil\u00e9es.<\/p>\n<p>On peut ainsi voir le joueur fran\u00e7ais aux c\u00f4t\u00e9s de ses<br \/>\nco\u00e9quipiers, dans une salle de musculation. Le capitaine des Bleus<br \/>\neffectue alors quelques exercices pour renforcer ses muscles. Et il<br \/>\nen aura bien besoin. En effet, <strong>la silhouette du joueur a<br \/>\ntout simplement chang\u00e9.\u00a0<\/strong><\/p>\n<p>Kylian Mbapp\u00e9 amaigri ? L&rsquo;apparence du joueur inqui\u00e8te ses<br \/>\nfans<\/p>\n<p>Aminci, <a href=\"https:\/\/www.closermag.fr\/people\/kylian-mbappe-repere-a-paris-avec-une-discrete-inconnue-photos-3550011\" rel=\"nofollow noopener\" target=\"_blank\"><br \/>\nKylian Mbapp\u00e9<\/a> est quasiment m\u00e9connaissable. Le joueur sera-t-il<br \/>\nenfin de retour avec le Real de Madrid ? Kylian Mbapp\u00e9 \u201cva<br \/>\nmieux\u201d, a ainsi assur\u00e9 l&rsquo;entra\u00eeneur, Xabi Alonso, \u201cCela<br \/>\nfait deux jours qu&rsquo;il est sorti de l&rsquo;h\u00f4pital. Il se r\u00e9tablit et<br \/>\nchaque jour, nous devenons de plus en plus optimistes pour le<br \/>\nr\u00e9cup\u00e9rer contre Salzbourg\u201d. Ainsi, tous les fans du Real de<br \/>\nMadrid esp\u00e8rent que <strong>Kylian Mbapp\u00e9 pourra faire son grand<br \/>\nretour !<\/strong><\/p>\n<blockquote class=\"twitter-tweet\"><p><a class=\"twitter-link\" rel=\"noindex, nofollow noopener\" href=\"https:\/\/twitter.com\/_BeFootball\/status\/1937429896994660417\" target=\"_blank\"><\/p><\/blockquote>\n<p>Mais cette hospitalisation a \u00e9t\u00e9 indispensable pour le<br \/>\njoueur.\u00a0 \u201cLa d\u00e9cision d&rsquo;amener le Fran\u00e7ais dans un centre<br \/>\nhospitalier a \u00e9t\u00e9 prise mercredi soir. Kylian Mbapp\u00e9 est malade<br \/>\ndepuis lundi, o\u00f9 il avait ressenti de la fi\u00e8vre en rentrant \u00e0<br \/>\nl&rsquo;h\u00f4tel et avait \u00e9galement des difficult\u00e9s \u00e0 manger. Le capitaine<br \/>\ndes Bleus est depuis isol\u00e9 du reste du groupe. Il a \u00e9t\u00e9 amen\u00e9 \u00e0<br \/>\nl&rsquo;h\u00f4pital pour pouvoir \u00eatre soign\u00e9 plus efficacement et<br \/>\n<strong>mieux r\u00e9cup\u00e9rer\u201d<\/strong>, indiquaient nos confr\u00e8res<br \/>\nde RMC.\u00a0<\/p>\n<p>Le joueur fran\u00e7ais sera-t-il de retour<br \/>\navec son club du Real de Madrid ?<\/p>\n<p>Des informations confirm\u00e9es par l\u2019entra\u00eeneur : \u00ab\u00a0Ces derniers<br \/>\njours, il a eu de la fi\u00e8vre, il ne se sentait pas bien. On esp\u00e8re<br \/>\nqu\u2019il sera disponible le prochain match\u00a0\u00bb, avait indiqu\u00e9 Xabi<br \/>\nAlonso.<\/p>\n<p>En effet, <a href=\"https:\/\/www.closermag.fr\/people\/kylian-mbappe-au-fond-du-gouffre-colere-froide-en-conference-de-presse-rien-ne-va-plus-3552430\" rel=\"nofollow noopener\" target=\"_blank\"><br \/>\nKylian Mbapp\u00e9<\/a> a vu son thermom\u00e8tre grimper jusqu\u2019\u00e0 40 degr\u00e9s.<br \/>\nEn esp\u00e9rant que tout rentre dans l\u2019ordre pour l\u2019attaque merengue<br \/>\nqui devrait ainsi retrouver le chemin des stades<br \/>\nrapidement.\u00a0<\/p>\n<p><script async src=\"https:\/\/platform.twitter.com\/widgets.js\" charset=\"utf-8\"><\/script><\/p>\n","protected":false},"excerpt":{"rendered":"L\u2019\u00e9tat de sant\u00e9 de Kylian Mbapp\u00e9 provoque des inqui\u00e9tudes. En effet, le capitaine des Bleus a manqu\u00e9 les&hellip;\n","protected":false},"author":2,"featured_media":200572,"comment_status":"","ping_status":"","sticky":false,"template":"","format":"standard","meta":{"footnotes":""},"categories":[1359],"tags":[548,58,59,1011,27,6477,973],"class_list":{"0":"post-200571","1":"post","2":"type-post","3":"status-publish","4":"format-standard","5":"has-post-thumbnail","7":"category-people","8":"tag-article-simple","9":"tag-divertissement","10":"tag-entertainment","11":"tag-fr","12":"tag-france","13":"tag-kylian-mbappe","14":"tag-people"},"share_on_mastodon":{"url":"https:\/\/pubeurope.com\/@fr\/114738057930484044","error":""},"_links":{"self":[{"href":"https:\/\/www.europesays.com\/fr\/wp-json\/wp\/v2\/posts\/200571","targetHints":{"allow":["GET"]}}],"collection":[{"href":"https:\/\/www.europesays.com\/fr\/wp-json\/wp\/v2\/posts"}],"about":[{"href":"https:\/\/www.europesays.com\/fr\/wp-json\/wp\/v2\/types\/post"}],"author":[{"embeddable":true,"href":"https:\/\/www.europesays.com\/fr\/wp-json\/wp\/v2\/users\/2"}],"replies":[{"embeddable":true,"href":"https:\/\/www.europesays.com\/fr\/wp-json\/wp\/v2\/comments?post=200571"}],"version-history":[{"count":0,"href":"https:\/\/www.europesays.com\/fr\/wp-json\/wp\/v2\/posts\/200571\/revisions"}],"wp:featuredmedia":[{"embeddable":true,"href":"https:\/\/www.europesays.com\/fr\/wp-json\/wp\/v2\/media\/200572"}],"wp:attachment":[{"href":"https:\/\/www.europesays.com\/fr\/wp-json\/wp\/v2\/media?parent=200571"}],"wp:term":[{"taxonomy":"category","embeddable":true,"href":"https:\/\/www.europesays.com\/fr\/wp-json\/wp\/v2\/categories?post=200571"},{"taxonomy":"post_tag","embeddable":true,"href":"https:\/\/www.europesays.com\/fr\/wp-json\/wp\/v2\/tags?post=200571"}],"curies":[{"name":"wp","href":"https:\/\/api.w.org\/{rel}","templated":true}]}}