{"id":200573,"date":"2025-06-24T11:16:09","date_gmt":"2025-06-24T11:16:09","guid":{"rendered":"https:\/\/www.europesays.com\/fr\/200573\/"},"modified":"2025-06-24T11:16:09","modified_gmt":"2025-06-24T11:16:09","slug":"un-touriste-detruit-un-tableau-vieux-de-300-ans-en-voulant-suivre-une-tendance-sur-les-reseaux-sociaux-video","status":"publish","type":"post","link":"https:\/\/www.europesays.com\/fr\/200573\/","title":{"rendered":"Un touriste d\u00e9truit un tableau vieux de 300 ans en voulant suivre une tendance sur les r\u00e9seaux sociaux (VIDEO)"},"content":{"rendered":"<p class=\"ap-StoryElement ap-StoryElement--mb ap-StoryText\">Les images de surveillance ont permis l&rsquo;identification du responsable, qui risque des poursuites judiciaires. \u00ab\u00a0Le probl\u00e8me des visiteurs qui viennent dans les mus\u00e9es pour cr\u00e9er des m\u00e8mes ou prendre des selfies pour les r\u00e9seaux sociaux est r\u00e9pandu. Nous fixerons des limites tr\u00e8s strictes pour emp\u00eacher tout comportement incompatible avec le caract\u00e8re de nos institutions et le respect du patrimoine culturel\u00a0\u00bb, a d\u00e9clar\u00e9 le directeur de la galerie, Simone Verde.<\/p>\n","protected":false},"excerpt":{"rendered":"Les images de surveillance ont permis l&rsquo;identification du responsable, qui risque des poursuites judiciaires. \u00ab\u00a0Le probl\u00e8me des visiteurs&hellip;\n","protected":false},"author":2,"featured_media":200574,"comment_status":"","ping_status":"","sticky":false,"template":"","format":"standard","meta":{"footnotes":""},"categories":[1358],"tags":[1350,3734,1348,1384,1385,33979,1208,10006,251,33980,1386,58,33981,59,33982,33983,33984,33985,1011,27,33986,10014,32829,29383,33987,33988,18389,33989,33990,26873,33991,3370,3899,33992,31310,11600,3875,33993,10030,33994,10032,9496],"class_list":{"0":"post-200573","1":"post","2":"type-post","3":"status-publish","4":"format-standard","5":"has-post-thumbnail","7":"category-arts-et-design","8":"tag-architecture","9":"tag-art","10":"tag-arts","11":"tag-arts-and-design","12":"tag-arts-et-design","13":"tag-artwork","14":"tag-building","15":"tag-city","16":"tag-culture","17":"tag-della","18":"tag-design","19":"tag-divertissement","20":"tag-early","21":"tag-entertainment","22":"tag-exterior","23":"tag-firenze","24":"tag-florence","25":"tag-fountain","26":"tag-fr","27":"tag-france","28":"tag-historic","29":"tag-historical","30":"tag-history","31":"tag-italian","32":"tag-italy","33":"tag-marble","34":"tag-monument","35":"tag-morning","36":"tag-neptune","37":"tag-old","38":"tag-piazza","39":"tag-renaissance","40":"tag-sculpture","41":"tag-signoria","42":"tag-square","43":"tag-statue","44":"tag-tourism","45":"tag-town","46":"tag-travel","47":"tag-tuscany","48":"tag-urban","49":"tag-white"},"share_on_mastodon":{"url":"","error":"Validation failed: Text character limit of 500 exceeded"},"_links":{"self":[{"href":"https:\/\/www.europesays.com\/fr\/wp-json\/wp\/v2\/posts\/200573","targetHints":{"allow":["GET"]}}],"collection":[{"href":"https:\/\/www.europesays.com\/fr\/wp-json\/wp\/v2\/posts"}],"about":[{"href":"https:\/\/www.europesays.com\/fr\/wp-json\/wp\/v2\/types\/post"}],"author":[{"embeddable":true,"href":"https:\/\/www.europesays.com\/fr\/wp-json\/wp\/v2\/users\/2"}],"replies":[{"embeddable":true,"href":"https:\/\/www.europesays.com\/fr\/wp-json\/wp\/v2\/comments?post=200573"}],"version-history":[{"count":0,"href":"https:\/\/www.europesays.com\/fr\/wp-json\/wp\/v2\/posts\/200573\/revisions"}],"wp:featuredmedia":[{"embeddable":true,"href":"https:\/\/www.europesays.com\/fr\/wp-json\/wp\/v2\/media\/200574"}],"wp:attachment":[{"href":"https:\/\/www.europesays.com\/fr\/wp-json\/wp\/v2\/media?parent=200573"}],"wp:term":[{"taxonomy":"category","embeddable":true,"href":"https:\/\/www.europesays.com\/fr\/wp-json\/wp\/v2\/categories?post=200573"},{"taxonomy":"post_tag","embeddable":true,"href":"https:\/\/www.europesays.com\/fr\/wp-json\/wp\/v2\/tags?post=200573"}],"curies":[{"name":"wp","href":"https:\/\/api.w.org\/{rel}","templated":true}]}}