{"id":200579,"date":"2025-06-24T11:19:10","date_gmt":"2025-06-24T11:19:10","guid":{"rendered":"https:\/\/www.europesays.com\/fr\/200579\/"},"modified":"2025-06-24T11:19:10","modified_gmt":"2025-06-24T11:19:10","slug":"laurent-delahousse-tacle-par-bilal-hassani-apres-avoir-ete-evince-de-son-plateau-en-derniere-minute-la-star-du-jt-riposte","status":"publish","type":"post","link":"https:\/\/www.europesays.com\/fr\/200579\/","title":{"rendered":"Laurent Delahousse tacl\u00e9 par Bilal Hassani apr\u00e8s avoir \u00e9t\u00e9 \u00e9vinc\u00e9 de son plateau en derni\u00e8re minute\u00a0: la star du JT riposte"},"content":{"rendered":"<p>      R\u00e9sum\u00e9<\/p>\n<p>Bilal Hassani d\u00e9\u00e7u par son dernier passage dans \u00ab\u00a020h30 le dimanche\u00a0\u00bb sur France 2. Laurent Delahousse lui r\u00e9pond et relance une invitation. <\/p>\n<p>        Sommaire<\/p>\n<p>Le<strong> 8\u00a0septembre 2022<\/strong> est une date que les Britanniques ne sont pas pr\u00eats d&rsquo;oublier. En effet, <strong>apr\u00e8s 70 ans de r\u00e8gne<\/strong>, <a href=\"https:\/\/www.public.fr\/elizabeth-ii-deux-ans-apres-ces-mysterieuses-lettres-laissees-sur-son-lit-de-mort\" target=\"_blank\" rel=\"noopener\">\u00c9lizabeth II<\/a> s&rsquo;est \u00e9teinte \u00e0 l&rsquo;\u00e2ge de<strong> 96 ans<\/strong>. La fin d&rsquo;une \u00e9poque pour le Royaume-Uni\u00a0; d&rsquo;autant que ses sujets affectionnaient particuli\u00e8rement <a href=\"https:\/\/www.public.fr\/diaporamas\/cancer-de-charles-iii-le-myelome-le-secret-que-la-reine-elizabeth-ii-pensait-emporter-avec-elle\" target=\"_blank\" rel=\"noopener\">la grand-m\u00e8re de William et Harry<\/a>, elle qui a travers\u00e9 les \u00e9poques et rencontr\u00e9 les <strong>plus grands dirigeants du monde<\/strong>. Alors ce jour-l\u00e0, \u00e9videmment, les cha\u00eenes du monde entier ont <strong>bouscul\u00e9 leurs programmes<\/strong> pendant plusieurs jours.<\/p>\n<p>Ainsi, en France, Laurent Delahousse pr\u00e9sentait un <strong>nouveau num\u00e9ro de \u00ab\u00a020\u00a0h\u00a030 le dimanche\u00a0\u00bb<\/strong> le 11\u00a0septembre 2022, quelques jours apr\u00e8s la disparition de <a href=\"https:\/\/www.public.fr\/diaporamas\/le-prince-harry-dans-les-pas-d-elizabeth-ii-l-image-qui-va-mettre-en-colere-la-famille-royale\" target=\"_blank\" rel=\"noopener\">la Souveraine<\/a>. Ce jour-l\u00e0,<strong> Bilal Hassani \u00e9tait l&rsquo;invit\u00e9 du <\/strong><a href=\"https:\/\/www.public.fr\/france-2-apres-anne-sophie-lapix-bye-bye-laurent-delahousse\" target=\"_blank\" rel=\"noopener\"><strong>journaliste de 55 ans<\/strong>. <\/a>Apr\u00e8s son entretien, il devait se produire en live face aux t\u00e9l\u00e9spectateurs. Malheureusement, compte tenu de l&rsquo;actualit\u00e9, sa prestation a \u00e9t\u00e9 annul\u00e9e. L<a href=\"https:\/\/www.public.fr\/diaporamas\/dieu-merci-je-suis-passif-bilal-hassani-sa-blague-osee-a-jordan-bardella-et-sa-reforme-des-retraites\" target=\"_blank\" rel=\"noopener\">&lsquo;artiste de 25 ans<\/a> a \u00e9t\u00e9 <strong>remplac\u00e9 \u00e0 la toute derni\u00e8re minute<\/strong>. Un \u00e9pisode qui l&rsquo;a marqu\u00e9.<\/p>\n<p>En effet, invit\u00e9 du podcast d&rsquo;Alice Underground le mois dernier, <a href=\"https:\/\/www.public.fr\/il-ma-viole-bilal-hassani-vient-il-de-denoncer-un-autre-youtubeur-la-video-publiee-sur-tiktok-qui-fait-grand-bruit\" target=\"_blank\" rel=\"noopener\">l&rsquo;interpr\u00e8te de Roi<\/a> a fait part de<strong> son immense d\u00e9ception<\/strong>. \u00ab\u00a0J&rsquo;\u00e9tais invit\u00e9 par Laurent de la fucking-Housse \u00e0 chanter. Il est tellement beau, il est tellement gentil. On est deux jours avant que je chante et <strong>ma m\u00e8re m&rsquo;annonce que je ne vais plus chanter.<\/strong> Elle me dit\u00a0: &lsquo;<a href=\"https:\/\/www.public.fr\/elizabeth-ii-le-regne-de-la-reine-courage\" target=\"_blank\" rel=\"noopener\">La reine vient de mourir<\/a> donc <strong>Robbie Williams va venir chanter<\/strong>&lsquo;\u00a0\u00bb, raconte Bilal, encore d\u00e9pit\u00e9.<\/p>\n<p>Laurent Delahousse\u00a0: sa r\u00e9ponse \u00e0 Bilal Hassani<\/p>\n<p>\u00c0 l&rsquo;occasion de cet entretien, <a href=\"https:\/\/www.google.com\/url?sa=t&amp;source=web&amp;rct=j&amp;opi=89978449&amp;url=https:\/\/vsd.fr\/73091-il-est-omnipotent-laurent-delahousse-de-plus-en-plus-isole-et-critique-pour-ses-methodes\/&amp;ved=2ahUKEwipj_382omOAxUBUKQEHUA1NEEQFnoECBYQAQ&amp;usg=AOvVaw1c8dyiFAzeh7yMzjapHaUQ\" target=\"_blank\" rel=\"noopener\">le compagnon d&rsquo;Alice Taglioni<\/a> a eu l&rsquo;opportunit\u00e9 d&rsquo;expliquer \u00e0 l&rsquo;ex candidat \u00e0 l&rsquo;Eurovision, les coulisses de cette \u00e9dition particuli\u00e8re. \u00ab\u00a0<strong>Il y avait une actualit\u00e9 qui a fait que Robbie W<\/strong>i<strong>lliams \u00e9tait venu effectivement sur le plateau<\/strong>\u00ab\u00a0. Toutefois, ce jour-l\u00e0 \u00ab\u00a0Bilal est venu sur mon plateau\u00a0\u00bb, a-t-il ajout\u00e9. Enfin, <a href=\"https:\/\/www.google.com\/url?sa=t&amp;source=web&amp;rct=j&amp;opi=89978449&amp;url=https:\/\/vsd.fr\/78411-laurent-delahousse-touche-en-plein-coeur-par-helena-de-la-star-academy\/&amp;ved=2ahUKEwjLzf2224mOAxU1RKQEHfL7DkUQFnoECCcQAQ&amp;usg=AOvVaw3kQTk-6jbzYdqn22Dpfwj_\" target=\"_blank\" rel=\"noopener\">le p\u00e8re de famille<\/a> a tendu une perche \u00e0 <a href=\"https:\/\/www.google.com\/url?sa=t&amp;source=web&amp;rct=j&amp;opi=89978449&amp;url=https:\/\/vsd.fr\/63066-festival-de-cannes-2024-bilal-hassani-electrise-la-croisette-dans-les-reines-du-drame\/&amp;ved=2ahUKEwjw2KGF24mOAxVsTKQEHWhAGbAQFnoECBQQAQ&amp;usg=AOvVaw0-2qXciUR0GZtLgwlt_Ivq\" target=\"_blank\" rel=\"noopener\">l&rsquo;ancien participant de \u00ab\u00a0Danse avec les stars\u00a0\u00bb<\/a> sur TF1. \u00ab\u00a0<strong>Il faut que tu reviennes Bilal. Je te promets qu&rsquo;on refera un live<\/strong>. Je suis d\u00e9sol\u00e9 pour ce jour-l\u00e0 mais parfois le principe de l&rsquo;actualit\u00e9 fait qu\u2019un invit\u00e9 se fait manger par l&rsquo;actu\u00a0\u00bb.<\/p>\n<p>Bilal Hassani aura-t-il prochainement<strong> un nouvel album, un nouveau single, une tourn\u00e9e \u00e0 d\u00e9fendre <\/strong>afin de venir sur le plateau du <a href=\"https:\/\/www.google.com\/url?sa=t&amp;source=web&amp;rct=j&amp;opi=89978449&amp;url=https:\/\/vsd.fr\/57335-laurent-delahousse-desespere-sans-alice-taglioni-et-les-enfants\/&amp;ved=2ahUKEwjLzf2224mOAxU1RKQEHfL7DkUQFnoECBYQAQ&amp;usg=AOvVaw3pawCOrNT_WHvhPBFH-IfB\" target=\"_blank\" rel=\"noopener\">journaliste <\/a>qu&rsquo;il semble admirer\u00a0? Son album L\u2019Affreuse est sorti juste avant l\u2019arriv\u00e9e de Donald Trump au pouvoir aux \u00c9tats-Unis. Le titre principal de ce nouvel opus s&rsquo;intitule La Question. <strong>Le 28\u00a0juin prochain<\/strong>, <a href=\"https:\/\/www.google.com\/url?sa=t&amp;source=web&amp;rct=j&amp;opi=89978449&amp;url=https:\/\/vsd.fr\/77084-slimane-bilal-hassani-louane-avoue-navoir-recu-aucun-encouragement-de-leur-part-pour-leurovision\/&amp;ved=2ahUKEwj1x8KX24mOAxVsTKQEHWhAGbAQFnoECC8QAQ&amp;usg=AOvVaw3yVhrNYizSMoXSDKe4K5c9\" target=\"_blank\" rel=\"noopener\">le chanteur<\/a> sera sur la sc\u00e8ne du club La Nuit \u00e0 Paris afin de c\u00e9l\u00e9brer les <strong>30 ans du magazine T\u00eatu<\/strong>.<\/p>\n<p>      Mentionn\u00e9s dans cet article<\/p>\n<p>\u00c0 lire aussi<\/p>\n","protected":false},"excerpt":{"rendered":"R\u00e9sum\u00e9 Bilal Hassani d\u00e9\u00e7u par son dernier passage dans \u00ab\u00a020h30 le dimanche\u00a0\u00bb sur France 2. Laurent Delahousse lui&hellip;\n","protected":false},"author":2,"featured_media":200580,"comment_status":"","ping_status":"","sticky":false,"template":"","format":"standard","meta":{"footnotes":""},"categories":[1355],"tags":[33995,33996,2715,58,59,545,1011,27,3699,26420,2957,5097,18,1361,873],"class_list":{"0":"post-200579","1":"post","2":"type-post","3":"status-publish","4":"format-standard","5":"has-post-thumbnail","7":"category-musique","8":"tag-20-h-30-le-dimanche","9":"tag-bilal-hassani","10":"tag-disparition","11":"tag-divertissement","12":"tag-entertainment","13":"tag-famille-royale-britannique","14":"tag-fr","15":"tag-france","16":"tag-journal-de-20-heures","17":"tag-journal-de-20-heures-de-france-2","18":"tag-journaliste","19":"tag-laurent-delahousse","20":"tag-mort","21":"tag-music","22":"tag-musique"},"share_on_mastodon":{"url":"https:\/\/pubeurope.com\/@fr\/114738073899782767","error":""},"_links":{"self":[{"href":"https:\/\/www.europesays.com\/fr\/wp-json\/wp\/v2\/posts\/200579","targetHints":{"allow":["GET"]}}],"collection":[{"href":"https:\/\/www.europesays.com\/fr\/wp-json\/wp\/v2\/posts"}],"about":[{"href":"https:\/\/www.europesays.com\/fr\/wp-json\/wp\/v2\/types\/post"}],"author":[{"embeddable":true,"href":"https:\/\/www.europesays.com\/fr\/wp-json\/wp\/v2\/users\/2"}],"replies":[{"embeddable":true,"href":"https:\/\/www.europesays.com\/fr\/wp-json\/wp\/v2\/comments?post=200579"}],"version-history":[{"count":0,"href":"https:\/\/www.europesays.com\/fr\/wp-json\/wp\/v2\/posts\/200579\/revisions"}],"wp:featuredmedia":[{"embeddable":true,"href":"https:\/\/www.europesays.com\/fr\/wp-json\/wp\/v2\/media\/200580"}],"wp:attachment":[{"href":"https:\/\/www.europesays.com\/fr\/wp-json\/wp\/v2\/media?parent=200579"}],"wp:term":[{"taxonomy":"category","embeddable":true,"href":"https:\/\/www.europesays.com\/fr\/wp-json\/wp\/v2\/categories?post=200579"},{"taxonomy":"post_tag","embeddable":true,"href":"https:\/\/www.europesays.com\/fr\/wp-json\/wp\/v2\/tags?post=200579"}],"curies":[{"name":"wp","href":"https:\/\/api.w.org\/{rel}","templated":true}]}}