{"id":200585,"date":"2025-06-24T11:22:10","date_gmt":"2025-06-24T11:22:10","guid":{"rendered":"https:\/\/www.europesays.com\/fr\/200585\/"},"modified":"2025-06-24T11:22:10","modified_gmt":"2025-06-24T11:22:10","slug":"girondins-lalerte-de-romain-molina-sur-les-9-me-injectes-par-gerard-lopez","status":"publish","type":"post","link":"https:\/\/www.europesays.com\/fr\/200585\/","title":{"rendered":"Girondins : l&rsquo;alerte de Romain Molina sur les 9 M\u20ac inject\u00e9s par G\u00e9rard Lopez"},"content":{"rendered":"<p><img decoding=\"async\" src=\"https:\/\/www.europesays.com\/fr\/wp-content\/uploads\/2025\/06\/671_7ab5455e76af0603c7e0bb89a0869ba1.jpg\" alt=\"Girondins : l'alerte de Romain Molina sur les 9 M\u20ac inject\u00e9s par G\u00e9rard Lopez\" class=\"img-responsive mt-3\"\/><\/p>\n<p class=\"text-center mb-3\" style=\"font-size: 14px\">\u00a9 Iconsport<\/p>\n<p><strong>Prudence selon le journaliste<\/strong><\/p>\n<p style=\"text-align: justify;\">Sur son compte X, celui qui est connu pour ses enqu\u00eates sur les coulisses du football alarme sur ce que pourrait devenir l\u2019argent que le propri\u00e9taire a vers\u00e9 la veille du verdict du tribunal de commerce. Tout d\u2019abord, il a une pens\u00e9e pour les petits cr\u00e9anciers, qui devront patienter plusieurs ann\u00e9es pour retrouver une petite partie de leur argent.<\/p>\n<p style=\"text-align: justify;\">Ensuite, il d\u00e9voile une m\u00e9thode assez commune, selon lui, chez des propri\u00e9taires de clubs de football : celle de <a href=\"http:\/\/webgirondins.com\/actualite-girondins-girondins-le-plan-de-continuation-de-gerard-lopez-accepte-par-le-tribunal-de-commerce-de-bordeaux-129525\" target=\"_blank\" rel=\"noopener\">mettre de l\u2019argent dans le pot<\/a>, rassurer la DNCG avec cette somme, puis, une fois la validation du gendarme financier acquise, retirer l\u2019argent des comptes.<\/p>\n<p style=\"text-align: justify;\">\u00ab\u00a0Le tribunal de commerce a donc valid\u00e9 le plan de continuation lunaire de G\u00e9rard Lopez et les petits cr\u00e9anciers n\u2019ont plus que leurs yeux pour pleurer.<\/p>\n<p style=\"text-align: justify;\">Autre chose : Lopez a remis 9 millions \u00e0 la veille du passage DNCG. Attention, car plusieurs propri\u00e9taires ont l\u2019habitude de faire \u00e7a pour la DNCG et font remonter l\u2019argent quelques jours apr\u00e8s (Schaefer \u00e0 Clermont, par exemple).\u00a0\u00bb<\/p>\n<blockquote class=\"twitter-tweet\">\n<p dir=\"ltr\" lang=\"fr\">Le tribunal de commerce a donc valid\u00e9 le plan de continuation lunaire de G\u00e9rard Lopez et les petits cr\u00e9anciers n\u2019ont plus que leurs yeux pour pleurer<\/p>\n<p>Autre chose : Lopez a remis 9 millions \u00e0 la veille du passage DNCG. Attention car plusieurs propri\u00e9taires ont l\u2019habitude de faire\u2026<\/p>\n<p>\u2014 Romain Molina (@Romain_Molina) <a href=\"https:\/\/twitter.com\/Romain_Molina\/status\/1937445243017740734?ref_src=twsrc%5Etfw\" target=\"_blank\" rel=\"noopener\">June 24, 2025<\/a>\n<\/p><\/blockquote>\n<p>\u00a0<\/p>\n<p>\u00a0<\/p>\n<p>\u00c0 lire &gt;&gt; <a href=\"https:\/\/www.webgirondins.com\/actualite-girondins-girondins-communique-du-club-apres-l-acceptation-du-plan-de-continuation-129526\" target=\"_blank\" rel=\"noopener\"><strong>Girondins : communiqu\u00e9 du club apr\u00e8s l&rsquo;acceptation du plan de continuation<\/strong><\/a><\/p>\n<p>\u00a0<\/p>\n<p>Notre podcast court :<\/p>\n<p>\u00a0<\/p>\n<p>\u00a0<\/p>\n<p>    <script async src=\"https:\/\/platform.twitter.com\/widgets.js\" charset=\"utf-8\"><\/script><\/p>\n","protected":false},"excerpt":{"rendered":"\u00a9 Iconsport Prudence selon le journaliste Sur son compte X, celui qui est connu pour ses enqu\u00eates sur&hellip;\n","protected":false},"author":2,"featured_media":200586,"comment_status":"","ping_status":"","sticky":false,"template":"","format":"standard","meta":{"footnotes":""},"categories":[9],"tags":[898,1997,3010,215,21464,17227,1011,27,8294,1987,33997,2957,8295,4924,32228,5355,11806,18140,60,3693,33998,5256],"class_list":{"0":"post-200585","1":"post","2":"type-post","3":"status-publish","4":"format-standard","5":"has-post-thumbnail","7":"category-sports","8":"tag-alerte","9":"tag-bordeaux","10":"tag-celebre","11":"tag-commerce","12":"tag-continuation","13":"tag-decision","14":"tag-fr","15":"tag-france","16":"tag-gerard","17":"tag-girondins","18":"tag-injectes","19":"tag-journaliste","20":"tag-lopez","21":"tag-m","22":"tag-molina","23":"tag-plan","24":"tag-reagir","25":"tag-romain","26":"tag-sports","27":"tag-tribunal","28":"tag-valider","29":"tag-vient"},"share_on_mastodon":{"url":"https:\/\/pubeurope.com\/@fr\/114738086060135060","error":""},"_links":{"self":[{"href":"https:\/\/www.europesays.com\/fr\/wp-json\/wp\/v2\/posts\/200585","targetHints":{"allow":["GET"]}}],"collection":[{"href":"https:\/\/www.europesays.com\/fr\/wp-json\/wp\/v2\/posts"}],"about":[{"href":"https:\/\/www.europesays.com\/fr\/wp-json\/wp\/v2\/types\/post"}],"author":[{"embeddable":true,"href":"https:\/\/www.europesays.com\/fr\/wp-json\/wp\/v2\/users\/2"}],"replies":[{"embeddable":true,"href":"https:\/\/www.europesays.com\/fr\/wp-json\/wp\/v2\/comments?post=200585"}],"version-history":[{"count":0,"href":"https:\/\/www.europesays.com\/fr\/wp-json\/wp\/v2\/posts\/200585\/revisions"}],"wp:featuredmedia":[{"embeddable":true,"href":"https:\/\/www.europesays.com\/fr\/wp-json\/wp\/v2\/media\/200586"}],"wp:attachment":[{"href":"https:\/\/www.europesays.com\/fr\/wp-json\/wp\/v2\/media?parent=200585"}],"wp:term":[{"taxonomy":"category","embeddable":true,"href":"https:\/\/www.europesays.com\/fr\/wp-json\/wp\/v2\/categories?post=200585"},{"taxonomy":"post_tag","embeddable":true,"href":"https:\/\/www.europesays.com\/fr\/wp-json\/wp\/v2\/tags?post=200585"}],"curies":[{"name":"wp","href":"https:\/\/api.w.org\/{rel}","templated":true}]}}