{"id":200598,"date":"2025-06-24T11:29:11","date_gmt":"2025-06-24T11:29:11","guid":{"rendered":"https:\/\/www.europesays.com\/fr\/200598\/"},"modified":"2025-06-24T11:29:11","modified_gmt":"2025-06-24T11:29:11","slug":"fact-checking-non-il-ny-a-pas-de-probleme-de-production-delectricite-dans-la-loire-et-en-haute-loire","status":"publish","type":"post","link":"https:\/\/www.europesays.com\/fr\/200598\/","title":{"rendered":"Fact-checking. Non, il n&rsquo;y a pas de probl\u00e8me de production d\u2019\u00e9lectricit\u00e9 dans la Loire et en Haute-Loire"},"content":{"rendered":"<p>EDF a \u00e9mis, ce lundi 23\u00a0juin, un message annon\u00e7ant de possibles restrictions de production dans son parc nucl\u00e9aire, notamment sur certaines centrales install\u00e9es sur le fleuve Rh\u00f4ne, en raison des cons\u00e9quences des fortes chaleurs sur la temp\u00e9rature des eaux.<\/p>\n<p>De quoi inqui\u00e9ter certains de nos lecteurs. Dans la Loire et en Haute-Loire, la production d\u2019\u00e9lectricit\u00e9 est uniquement hydraulique. Xavier Delorme, directeur d\u2019EDF Hydro Loire-Ard\u00e8che, ne peut pas s\u2019exprimer sur la production des centrales nucl\u00e9aires. Il rappelle seulement\u00a0: \u00ab Lors de la grosse canicule de 2003, on n\u2019a pas connu de probl\u00e8me d\u2019acheminement d\u2019\u00e9lectricit\u00e9. C\u2019est le gestionnaire du R\u00e9seau de transport d\u2019\u00e9lectricit\u00e9, (RTE) qui pilote tout \u00e7a. Il va regarder si, \u00e0 l\u2019instant T, on est au bon niveau d\u2019\u00e9quilibre entre la production et les besoins d\u2019\u00e9lectricit\u00e9.\u00a0\u00bb<\/p>\n<p>Les barrages remplis \u00e0 100\u00a0%<\/p>\n<p>Sur la partie hydro\u00e9lectricit\u00e9, Xavier Delorme est confiant\u00a0: \u00ab Tous nos barrages sont remplis \u00e0 100\u00a0%, ce qui nous permettra de passer l\u2019\u00e9t\u00e9 correctement. Le barrage de Grangent compte aujourd\u2019hui 27\u00a0millions de m\u00e8tres cubes d\u2019eau.\u00a0\u00bb<\/p>\n<p>Il poursuit : \u00ab\u00a0Nous avons tir\u00e9 les enseignements de 2022, ann\u00e9e compliqu\u00e9e en termes de gestion de l\u2019eau. Depuis, nous avons mis en place une concertation avec les diff\u00e9rents acteurs du territoire sous le pilotage de l\u2019\u00c9tat. Notre production est soumise \u00e0 une saisonnalit\u00e9, on produit forc\u00e9ment plus en hiver qu\u2019en \u00e9t\u00e9, car nos barrages peuvent \u00eatre soutien d\u2019\u00e9tiage. Les barrages hydro\u00e9lectriques sont pr\u00e9sents pour des p\u00e9riodes de pointe dans la demande d\u2019\u00e9lectricit\u00e9, quand les centrales nucl\u00e9aires sont plus sur un fonctionnement en 24 h\/24.\u00a0\u00bb<\/p>\n<p>La production d\u2019hydro\u00e9lectricit\u00e9 dans la Loire ne suffit pas \u00e0 alimenter l\u2019ensemble de la population, \u00ab\u00a0car il s\u2019agit d\u2019un d\u00e9partement avec une forte densit\u00e9 de population. Par contre, en Haute-Loire, on peut assurer l\u2019ensemble de la consommation\u00a0\u00bb.<\/p>\n","protected":false},"excerpt":{"rendered":"EDF a \u00e9mis, ce lundi 23\u00a0juin, un message annon\u00e7ant de possibles restrictions de production dans son parc nucl\u00e9aire,&hellip;\n","protected":false},"author":2,"featured_media":200599,"comment_status":"","ping_status":"","sticky":false,"template":"","format":"standard","meta":{"footnotes":""},"categories":[9653],"tags":[1111,11,2430,33,7539,893,436,1777,674,1011,27,4002,3367,12,5140,25,4001,7538],"class_list":{"0":"post-200598","1":"post","2":"type-post","3":"status-publish","4":"format-standard","5":"has-post-thumbnail","7":"category-saint-etienne","8":"tag-actu","9":"tag-actualites","10":"tag-auvergne-rhone-alpes","11":"tag-economie","12":"tag-edition-loire-sud","13":"tag-energie","14":"tag-environnement","15":"tag-eu","16":"tag-europe","17":"tag-fr","18":"tag-france","19":"tag-haute-loire","20":"tag-loire","21":"tag-news","22":"tag-rechauffement-climatique","23":"tag-republique-francaise","24":"tag-saint-etienne","25":"tag-saint-etienne-ville"},"share_on_mastodon":{"url":"https:\/\/pubeurope.com\/@fr\/114738113126675105","error":""},"_links":{"self":[{"href":"https:\/\/www.europesays.com\/fr\/wp-json\/wp\/v2\/posts\/200598","targetHints":{"allow":["GET"]}}],"collection":[{"href":"https:\/\/www.europesays.com\/fr\/wp-json\/wp\/v2\/posts"}],"about":[{"href":"https:\/\/www.europesays.com\/fr\/wp-json\/wp\/v2\/types\/post"}],"author":[{"embeddable":true,"href":"https:\/\/www.europesays.com\/fr\/wp-json\/wp\/v2\/users\/2"}],"replies":[{"embeddable":true,"href":"https:\/\/www.europesays.com\/fr\/wp-json\/wp\/v2\/comments?post=200598"}],"version-history":[{"count":0,"href":"https:\/\/www.europesays.com\/fr\/wp-json\/wp\/v2\/posts\/200598\/revisions"}],"wp:featuredmedia":[{"embeddable":true,"href":"https:\/\/www.europesays.com\/fr\/wp-json\/wp\/v2\/media\/200599"}],"wp:attachment":[{"href":"https:\/\/www.europesays.com\/fr\/wp-json\/wp\/v2\/media?parent=200598"}],"wp:term":[{"taxonomy":"category","embeddable":true,"href":"https:\/\/www.europesays.com\/fr\/wp-json\/wp\/v2\/categories?post=200598"},{"taxonomy":"post_tag","embeddable":true,"href":"https:\/\/www.europesays.com\/fr\/wp-json\/wp\/v2\/tags?post=200598"}],"curies":[{"name":"wp","href":"https:\/\/api.w.org\/{rel}","templated":true}]}}