{"id":200617,"date":"2025-06-24T11:42:12","date_gmt":"2025-06-24T11:42:12","guid":{"rendered":"https:\/\/www.europesays.com\/fr\/200617\/"},"modified":"2025-06-24T11:42:12","modified_gmt":"2025-06-24T11:42:12","slug":"grenoble-ils-tombent-nez-a-nez-avec-un-enorme-serpent-chez-eux-apres-la-fete-de-la-musique","status":"publish","type":"post","link":"https:\/\/www.europesays.com\/fr\/200617\/","title":{"rendered":"Grenoble. Ils tombent nez \u00e0 nez avec un \u00e9norme serpent chez eux apr\u00e8s la F\u00eate de la musique"},"content":{"rendered":"<p>            Par<br \/>\n        <strong><br \/>\n            <a href=\"https:\/\/actu.fr\/auteur\/lisa-rodrigues\" title=\"Consulter tous les articles de Lisa Rodrigues\" rel=\"nofollow noopener\" target=\"_blank\">Lisa Rodrigues<\/a><br \/>\n        <\/strong><\/p>\n<p>        Publi\u00e9 le<\/p>\n<p>            24 juin 2025 \u00e0 11h29        <\/p>\n<p>Dr\u00f4le de rencontre pour les habitants d\u2019un immeuble au croisement de l\u2019avenue Rochambeau et du cours de la Lib\u00e9ration \u00e0 <a href=\"https:\/\/actu.fr\/auvergne-rhone-alpes\/grenoble_38185\" rel=\"nofollow noopener\" target=\"_blank\">Grenoble<\/a>, samedi 21\u00a0juin, le soir de la F\u00eate de la musique.<\/p>\n<p class=\" wall-content\">Dans la cour du b\u00e2timent, un <strong>\u00ab\u2009serpent tricolore\u2009\u00bb d\u2019environ 1m20<\/strong>, profitait de l\u2019ext\u00e9rieur. C\u2019est une des locataires qui, ne semblant pas avoir peur du reptile, a r\u00e9ussi \u00e0 le mettre \u00e0 l\u2019abri dans un carton pour le prendre en photo et lancer un appel sur Pet Alert 38.<\/p>\n<p>    <a href=\"https:\/\/www.google.com\/maps\/embed?pb=!1m14!1m12!1m3!1d836.1485701324904!2d5.715373719483899!3d45.17783763008217!2m3!1f0!2f0!3f0!3m2!1i1024!2i768!4f13.1!5e0!3m2!1sfr!2sfr!4v1750753594924!5m2!1sfr!2sfr\" title=\"Ouvrie le lien\" rel=\"nofollow noopener\" target=\"_blank\">Cliquez ici pour visualiser le contenu<\/a><\/p>\n<p>\u00ab\u2009C\u2019est un serpent tr\u00e8s timide\u2009\u00bb<\/p>\n<p class=\" wall-content\">Le serpent, un <strong>python royal<\/strong>, a \u00e9t\u00e9 pris en charge par le <a href=\"https:\/\/refugedesecailles.fr\/\" rel=\"nofollow noopener\" target=\"_blank\">refuge des \u00c9cailles<\/a>, sp\u00e9cialis\u00e9 dans la prise en charge des reptiles et amphibiens sur la r\u00e9gion grenobloise. Son propri\u00e9taire \u2013 qui aurait r\u00e9cup\u00e9r\u00e9 l\u2019animal aupr\u00e8s d\u2019une tierce personne ne pouvant pas s\u2019en occuper \u2013 s\u2019est manifest\u00e9 le lundi matin.<\/p>\n<p>    <a href=\"https:\/\/www.facebook.com\/plugins\/post.php?href=https%3A%2F%2Fwww.facebook.com%2FPet.Alert.Fr.38%2Fposts%2Fpfbid0qxq4Nic98stYwkScnbBL33wR41a4uUwL3gKFrZMdxuRsUEYxHAg6Y6gMkB9H6mWVl&amp;show_text=true&amp;width=350\" title=\"Ouvrie le lien\" rel=\"nofollow noopener\" target=\"_blank\">Cliquez ici pour visualiser le contenu<\/a><\/p>\n<p class=\" wall-content\">\u00ab\u2009A priori, il a <strong>mal referm\u00e9 les portes<\/strong>\u2009\u00bb du vivarium et le reptile en a donc profit\u00e9 pour faire une petite sortie, explique \u00e0 la r\u00e9daction Jean-Laurent Lazzarotto, pr\u00e9sident du refuge.<\/p>\n<p>Vid\u00e9os : en ce moment sur Actu<\/p>\n<p class=\" wall-content\">Il salue la r\u00e9activit\u00e9 de la personne qui a mis \u00e0 l\u2019abri le python et les a appel\u00e9s. \u00ab\u2009Le regius [nom latin du python royal, NDLR] est un serpent tr\u00e8s timide, rassure le b\u00e9n\u00e9vole. Si on reste calme, il n\u2019y a <strong>pas de risques particuliers<\/strong>. Sauf s\u2019il a faim et qu\u2019on sent la souris\u2009!\u2009\u00bb<\/p>\n<p>L\u2019animal va \u00eatre puc\u00e9<\/p>\n<p class=\" wall-content\">S\u2019il ne faut pas d\u2019autorisation particuli\u00e8re pour poss\u00e9der un sp\u00e9cimen chez soi, le serpent doit, en revanche, <strong>\u00eatre puc\u00e9<\/strong>. Ce qui n\u2019est pas le cas de notre serpent fugueur. \u00ab\u2009On a convenu avec le propri\u00e9taire, qui ne savait pas qu\u2019il n\u2019\u00e9tait pas puc\u00e9, qu\u2019on allait garder son serpent une ou deux semaines\u2009\u00bb le temps de faire le n\u00e9cessaire, indique Jean-Laurent Lazzarotto.<\/p>\n<p class=\" wall-content\">Ce n\u2019est pas la premi\u00e8re fois que le refuge des \u00c9cailles r\u00e9cup\u00e8re un serpent domestique. \u00ab\u2009On a d\u00e9j\u00e0 r\u00e9cup\u00e9r\u00e9 des boas et encore r\u00e9cemment des couleuvres qui \u00e9taient dans une bo\u00eete jet\u00e9e \u00e0 la poubelle\u2026 S\u00fbrement quelqu\u2019un qui voulait s\u2019en d\u00e9barrasser.\u2009\u00bb<\/p>\n<p>Les bons gestes \u00e0 avoir<\/p>\n<p class=\" wall-content\">Les b\u00e9n\u00e9voles travaillent \u00e9galement en collaboration avec le SDIS 38. \u00ab\u2009S\u2019ils se retrouvent face \u00e0 des animaux de la faune fran\u00e7aise, ils les rel\u00e2chent.\u2009\u00bb S\u2019ils sont issus de la faune exotique, le refuge peut alors intervenir.<\/p>\n<p class=\" wall-content\">Si jamais vous vous retrouvez face \u00e0 un serpent qui vous semble non autochtone, le mieux est donc de <strong>pr\u00e9venir les secours et de rester calme<\/strong>. \u00ab\u2009Et il faut prendre des <strong>photos nettes<\/strong> de tout le serpent, y compris la t\u00eate\u2009\u00bb de loin pour ne pas l\u2019effrayer, pour aider \u00e0 identifier l\u2019esp\u00e8ce, ajoute Jean-Laurent Lazzarotto.<\/p>\n<p class=\" wall-content\">Vous pouvez aussi contacter <a href=\"https:\/\/auvergne-rhone-alpes.lpo.fr\/sos-biodiversite\/probleme-avec-un-animal\/sos-serpents\/\" rel=\"nofollow noopener\" target=\"_blank\">\u00ab\u2009SOS Serpents\u2009\u00bb<\/a> si un reptile se retrouve chez vous. Ils pourront vous indiquer les bons gestes \u00e0 adopter et, au besoin, se rendre sur place pour le faire sortir.<\/p>\n<p class=\" wall-content\">Suivez toute l\u2019actualit\u00e9 de vos villes et m\u00e9dias favoris en vous inscrivant \u00e0 <a href=\"https:\/\/moncompte.actu.fr\" title=\"D\u00e9couvez Mon Actu\" rel=\"nofollow noopener\" data-trk=\"{&quot;cta&quot;:{&quot;action&quot;:&quot;https:\\\/\\\/moncompte.actu.fr&quot;,&quot;category&quot;:&quot;mon compte&quot;,&quot;from&quot;:&quot;article footer&quot;,&quot;name&quot;:&quot;Mon actu&quot;,&quot;type&quot;:&quot;cta&quot;}}\" target=\"_blank\">Mon Actu<\/a>.<\/p>\n","protected":false},"excerpt":{"rendered":"Par Lisa Rodrigues Publi\u00e9 le 24 juin 2025 \u00e0 11h29 Dr\u00f4le de rencontre pour les habitants d\u2019un immeuble&hellip;\n","protected":false},"author":2,"featured_media":200618,"comment_status":"","ping_status":"","sticky":false,"template":"","format":"standard","meta":{"footnotes":""},"categories":[9566],"tags":[1111,11,1867,2430,1777,674,1011,27,2731,1757,12,1311,25],"class_list":{"0":"post-200617","1":"post","2":"type-post","3":"status-publish","4":"format-standard","5":"has-post-thumbnail","7":"category-grenoble","8":"tag-actu","9":"tag-actualites","10":"tag-animaux","11":"tag-auvergne-rhone-alpes","12":"tag-eu","13":"tag-europe","14":"tag-fr","15":"tag-france","16":"tag-grenoble","17":"tag-insolite","18":"tag-news","19":"tag-pompiers","20":"tag-republique-francaise"},"share_on_mastodon":{"url":"https:\/\/pubeurope.com\/@fr\/114738164228248173","error":""},"_links":{"self":[{"href":"https:\/\/www.europesays.com\/fr\/wp-json\/wp\/v2\/posts\/200617","targetHints":{"allow":["GET"]}}],"collection":[{"href":"https:\/\/www.europesays.com\/fr\/wp-json\/wp\/v2\/posts"}],"about":[{"href":"https:\/\/www.europesays.com\/fr\/wp-json\/wp\/v2\/types\/post"}],"author":[{"embeddable":true,"href":"https:\/\/www.europesays.com\/fr\/wp-json\/wp\/v2\/users\/2"}],"replies":[{"embeddable":true,"href":"https:\/\/www.europesays.com\/fr\/wp-json\/wp\/v2\/comments?post=200617"}],"version-history":[{"count":0,"href":"https:\/\/www.europesays.com\/fr\/wp-json\/wp\/v2\/posts\/200617\/revisions"}],"wp:featuredmedia":[{"embeddable":true,"href":"https:\/\/www.europesays.com\/fr\/wp-json\/wp\/v2\/media\/200618"}],"wp:attachment":[{"href":"https:\/\/www.europesays.com\/fr\/wp-json\/wp\/v2\/media?parent=200617"}],"wp:term":[{"taxonomy":"category","embeddable":true,"href":"https:\/\/www.europesays.com\/fr\/wp-json\/wp\/v2\/categories?post=200617"},{"taxonomy":"post_tag","embeddable":true,"href":"https:\/\/www.europesays.com\/fr\/wp-json\/wp\/v2\/tags?post=200617"}],"curies":[{"name":"wp","href":"https:\/\/api.w.org\/{rel}","templated":true}]}}