{"id":200619,"date":"2025-06-24T11:43:08","date_gmt":"2025-06-24T11:43:08","guid":{"rendered":"https:\/\/www.europesays.com\/fr\/200619\/"},"modified":"2025-06-24T11:43:08","modified_gmt":"2025-06-24T11:43:08","slug":"des-milliers-de-places-a-gagner-pour-profiter-de-la-fete-du-cinema-gratuitement","status":"publish","type":"post","link":"https:\/\/www.europesays.com\/fr\/200619\/","title":{"rendered":"des milliers de places \u00e0 gagner pour profiter de la F\u00eate du cin\u00e9ma gratuitement"},"content":{"rendered":"<p>            Par<br \/>\n        <strong><br \/>\n            <a href=\"https:\/\/actu.fr\/auteur\/clemence-pays02-actu-fr\" title=\"Consulter tous les articles de Cl\u00e9mence Pays\" rel=\"nofollow noopener\" target=\"_blank\">Cl\u00e9mence Pays<\/a><br \/>\n        <\/strong><\/p>\n<p>        Publi\u00e9 le<\/p>\n<p>            24 juin 2025 \u00e0 12h55        <\/p>\n<p>La <strong>F\u00eate du cin\u00e9ma<\/strong> fait son retour en France <strong>du dimanche 29\u00a0juin au mercredi 2\u00a0juillet 2025,<\/strong> dans les cin\u00e9mas participants. \u00c0 cette occasion, BNP Paribas, partenaire de l\u2019\u00e9v\u00e9nement, propose <strong>\u00ab\u20095\u2009000 places gratuites \u00e0 travers l\u2019Hexagone\u2009\u00bb<\/strong> et un certain nombre de ces billets sont destin\u00e9s aux Rennais qui pourront aller au cin\u00e9ma Path\u00e9 de Rennes.<\/p>\n<p>Comment participer\u2009?<\/p>\n<p class=\" wall-content\">Pour participer, il faut se connecter sur le site <a href=\"https:\/\/welovecinema.bnpparibas\/seances-privileges\/5-000-places-de-cinema-gagner-pour-la-fete-du-cinema-77097d\" rel=\"nofollow noopener\" target=\"_blank\">We love cin\u00e9ma<\/a> et s\u2019inscrire au <strong>tirage au sort<\/strong> <strong>avant jeudi 27\u00a0juin.<\/strong><\/p>\n<p class=\" wall-content\">Les gagnants seront contact\u00e9s par e-mail et pourront aller voir le film de leur choix pendant la F\u00eate du cin\u00e9ma.<\/p>\n<p>Quels cin\u00e9mas participent \u00e0 Rennes\u2009?<\/p>\n<p class=\" wall-content\">Si vous ne remportez pas ce jeu-concours, il sera tout de m\u00eame possible de profiter de l\u2019\u00e9v\u00e9nement dans la capitale bretonne puisque<strong> les cin\u00e9mas suivants participent \u00e0 la F\u00eate du cin\u00e9ma\u2009:<\/strong><\/p>\n<ul class=\" wall-content\">\n<li>cin\u00e9ma du Th\u00e9\u00e2tre national de Bretagne (TNB)\u2009;<\/li>\n<li>l\u2019Arvor\u2009;<\/li>\n<li>Cin\u00e9ma Path\u00e9\u2009;<\/li>\n<li>Cin\u00e9ville de Bruz et de Vern-sur-Seiche\u2009;<\/li>\n<li>M\u00e9ga CGR La M\u00e9zi\u00e8re.<\/li>\n<\/ul>\n<p>Vid\u00e9os : en ce moment sur Actu<\/p>\n<p class=\" wall-content\">Durant la F\u00eate du cin\u00e9ma, les places sont \u00e0 vendre au tarif unique de<strong> 5\u00a0euros.<\/strong><\/p>\n<p class=\" wall-content\">Suivez toute l\u2019actualit\u00e9 de vos villes et m\u00e9dias favoris en vous inscrivant \u00e0 <a href=\"https:\/\/moncompte.actu.fr\" title=\"D\u00e9couvez Mon Actu\" rel=\"nofollow noopener\" data-trk=\"{&quot;cta&quot;:{&quot;action&quot;:&quot;https:\\\/\\\/moncompte.actu.fr&quot;,&quot;category&quot;:&quot;mon compte&quot;,&quot;from&quot;:&quot;article footer&quot;,&quot;name&quot;:&quot;Mon actu&quot;,&quot;type&quot;:&quot;cta&quot;}}\" target=\"_blank\">Mon Actu<\/a>.<\/p>\n","protected":false},"excerpt":{"rendered":"Par Cl\u00e9mence Pays Publi\u00e9 le 24 juin 2025 \u00e0 12h55 La F\u00eate du cin\u00e9ma fait son retour en&hellip;\n","protected":false},"author":2,"featured_media":200620,"comment_status":"","ping_status":"","sticky":false,"template":"","format":"standard","meta":{"footnotes":""},"categories":[2821],"tags":[1111,11,829,650,1777,674,1011,27,12,584,25],"class_list":{"0":"post-200619","1":"post","2":"type-post","3":"status-publish","4":"format-standard","5":"has-post-thumbnail","7":"category-rennes","8":"tag-actu","9":"tag-actualites","10":"tag-bretagne","11":"tag-cinema","12":"tag-eu","13":"tag-europe","14":"tag-fr","15":"tag-france","16":"tag-news","17":"tag-rennes","18":"tag-republique-francaise"},"share_on_mastodon":{"url":"https:\/\/pubeurope.com\/@fr\/114738168083800639","error":""},"_links":{"self":[{"href":"https:\/\/www.europesays.com\/fr\/wp-json\/wp\/v2\/posts\/200619","targetHints":{"allow":["GET"]}}],"collection":[{"href":"https:\/\/www.europesays.com\/fr\/wp-json\/wp\/v2\/posts"}],"about":[{"href":"https:\/\/www.europesays.com\/fr\/wp-json\/wp\/v2\/types\/post"}],"author":[{"embeddable":true,"href":"https:\/\/www.europesays.com\/fr\/wp-json\/wp\/v2\/users\/2"}],"replies":[{"embeddable":true,"href":"https:\/\/www.europesays.com\/fr\/wp-json\/wp\/v2\/comments?post=200619"}],"version-history":[{"count":0,"href":"https:\/\/www.europesays.com\/fr\/wp-json\/wp\/v2\/posts\/200619\/revisions"}],"wp:featuredmedia":[{"embeddable":true,"href":"https:\/\/www.europesays.com\/fr\/wp-json\/wp\/v2\/media\/200620"}],"wp:attachment":[{"href":"https:\/\/www.europesays.com\/fr\/wp-json\/wp\/v2\/media?parent=200619"}],"wp:term":[{"taxonomy":"category","embeddable":true,"href":"https:\/\/www.europesays.com\/fr\/wp-json\/wp\/v2\/categories?post=200619"},{"taxonomy":"post_tag","embeddable":true,"href":"https:\/\/www.europesays.com\/fr\/wp-json\/wp\/v2\/tags?post=200619"}],"curies":[{"name":"wp","href":"https:\/\/api.w.org\/{rel}","templated":true}]}}