{"id":200621,"date":"2025-06-24T11:44:08","date_gmt":"2025-06-24T11:44:08","guid":{"rendered":"https:\/\/www.europesays.com\/fr\/200621\/"},"modified":"2025-06-24T11:44:08","modified_gmt":"2025-06-24T11:44:08","slug":"plus-de-700-salaries-dorange-evacues-a-rennes-apres-une-fuite-de-gaz","status":"publish","type":"post","link":"https:\/\/www.europesays.com\/fr\/200621\/","title":{"rendered":"Plus de 700 salari\u00e9s d\u2019Orange \u00e9vacu\u00e9s \u00e0 Rennes apr\u00e8s une fuite de gaz"},"content":{"rendered":"<p>De nombreux sapeurs pompiers ont \u00e9t\u00e9 mobilis\u00e9s rue du Clos Courtel ce mardi 24 juin, \u00e0 proximit\u00e9 du m\u00e9tro Atalante, \u00e0 Rennes. Dans le cadre de travaux, une canalisation de gaz a \u00e9t\u00e9 endommag\u00e9e par un engin de chantier a appris Le T\u00e9l\u00e9gramme confirmant <a href=\"https:\/\/www.rennes-infos-autrement.fr\/une-canalisation-de-gaz-arrachee-700-salaries-evacues-du-site-dorange\/\" target=\"_blank\" rel=\"nofollow noopener\">Rennes Infos Autrement<\/a>.<\/p>\n<p>L\u2019alerte a provoqu\u00e9 l\u2019\u00e9vacuation des quelques 700 personnes pr\u00e9sentes \u00e0 l\u2019int\u00e9rieur du b\u00e2timent Orange Atalante. Un p\u00e9rim\u00e8tre a \u00e9t\u00e9 install\u00e9 autour de l\u2019endroit o\u00f9 la canalisation a \u00e9t\u00e9 endommag\u00e9e. Apr\u00e8s les v\u00e9rifications d\u2019usage et l\u2019intervention de GRDF, tout le monde a finalement pu regagner le b\u00e2timent en s\u00e9curit\u00e9.<\/p>\n","protected":false},"excerpt":{"rendered":"De nombreux sapeurs pompiers ont \u00e9t\u00e9 mobilis\u00e9s rue du Clos Courtel ce mardi 24 juin, \u00e0 proximit\u00e9 du&hellip;\n","protected":false},"author":2,"featured_media":200622,"comment_status":"","ping_status":"","sticky":false,"template":"","format":"standard","meta":{"footnotes":""},"categories":[2821],"tags":[1111,11,829,1777,674,3383,1011,27,848,12,584,25],"class_list":{"0":"post-200621","1":"post","2":"type-post","3":"status-publish","4":"format-standard","5":"has-post-thumbnail","7":"category-rennes","8":"tag-actu","9":"tag-actualites","10":"tag-bretagne","11":"tag-eu","12":"tag-europe","13":"tag-faits-divers-a-rennes","14":"tag-fr","15":"tag-france","16":"tag-ille-et-vilaine","17":"tag-news","18":"tag-rennes","19":"tag-republique-francaise"},"share_on_mastodon":{"url":"https:\/\/pubeurope.com\/@fr\/114738171942307678","error":""},"_links":{"self":[{"href":"https:\/\/www.europesays.com\/fr\/wp-json\/wp\/v2\/posts\/200621","targetHints":{"allow":["GET"]}}],"collection":[{"href":"https:\/\/www.europesays.com\/fr\/wp-json\/wp\/v2\/posts"}],"about":[{"href":"https:\/\/www.europesays.com\/fr\/wp-json\/wp\/v2\/types\/post"}],"author":[{"embeddable":true,"href":"https:\/\/www.europesays.com\/fr\/wp-json\/wp\/v2\/users\/2"}],"replies":[{"embeddable":true,"href":"https:\/\/www.europesays.com\/fr\/wp-json\/wp\/v2\/comments?post=200621"}],"version-history":[{"count":0,"href":"https:\/\/www.europesays.com\/fr\/wp-json\/wp\/v2\/posts\/200621\/revisions"}],"wp:featuredmedia":[{"embeddable":true,"href":"https:\/\/www.europesays.com\/fr\/wp-json\/wp\/v2\/media\/200622"}],"wp:attachment":[{"href":"https:\/\/www.europesays.com\/fr\/wp-json\/wp\/v2\/media?parent=200621"}],"wp:term":[{"taxonomy":"category","embeddable":true,"href":"https:\/\/www.europesays.com\/fr\/wp-json\/wp\/v2\/categories?post=200621"},{"taxonomy":"post_tag","embeddable":true,"href":"https:\/\/www.europesays.com\/fr\/wp-json\/wp\/v2\/tags?post=200621"}],"curies":[{"name":"wp","href":"https:\/\/api.w.org\/{rel}","templated":true}]}}