{"id":200627,"date":"2025-06-24T11:47:12","date_gmt":"2025-06-24T11:47:12","guid":{"rendered":"https:\/\/www.europesays.com\/fr\/200627\/"},"modified":"2025-06-24T11:47:12","modified_gmt":"2025-06-24T11:47:12","slug":"la-justice-va-t-elle-demander-a-christian-estrosi-de-retirer-les-drapeaux-israeliens-de-la-mairie-de-nice-reponse-ce-mercredi","status":"publish","type":"post","link":"https:\/\/www.europesays.com\/fr\/200627\/","title":{"rendered":"La justice va-t-elle demander \u00e0 Christian Estrosi de retirer les drapeaux isra\u00e9liens de la mairie de Nice? R\u00e9ponse ce mercredi"},"content":{"rendered":"<p>\u00ab\u00a0Le seul message v\u00e9hicul\u00e9 par le pavoisement du drapeau isra\u00e9lien sur l\u2019h\u00f4tel de Ville de Nice, c\u2019est le soutien aux otages, le rejet du terrorisme. Et personne, de bonne foi, ne peut se tromper sur ce message\u00a0\u00bb, mart\u00e8le \u00e0 la barre du tribunal administratif, ma\u00eetre Pauline de Fa\u00ff, l\u2019avocate de la commune administr\u00e9e par Christian Estrosi, ce mardi matin. C\u2019est le c\u0153ur de son argumentation.<\/p>\n<p>En face, ma\u00eetres Mireille Damiano et Rosanna Lendom n\u2019en d\u00e9mordent pas et le d\u00e9taillent face au juge administratif qui examinait, ce mardi, leur r\u00e9f\u00e9r\u00e9 suspension, une mesure d\u2019urgence: \u00ab\u00a0Le message n\u2019est pas celui pour une lib\u00e9ration des otages. (&#8230;) Mais bien un soutien \u00e0 l\u2019\u00c9tat d\u2019Isra\u00ebl et \u00e0 la guerre\u00a0\u00bb. La d\u00e9cision devrait \u00eatre rendue ce mercredi.<\/p>\n<p>                                Le conflit a fait des dizaines de milliers de morts<\/p>\n<p>Depuis le 9 octobre 2023, le maire de Nice a pavois\u00e9 le drapeau de l\u2019\u00c9tat h\u00e9breu sur la fa\u00e7ade de la maison commune. Plusieurs drapeaux m\u00eame. Un geste deux jours apr\u00e8s l\u2019attentat du 7 octobre 2023 alors que les terroristes du Hamas avaient men\u00e9 des attaques coordonn\u00e9es sur Isra\u00ebl, massacrant 1200 personnes et faisant 250 otages. Il reste 52 otages \u00e0 Gaza, dont une vingtaine seulement pour lesquels une preuve de vie existe. Depuis, l\u2019offensive isra\u00e9lienne a fait des dizaines de milliers de morts \u00e0 Gaza, dont des milliers d\u2019enfants selon l\u2019Unicef.<\/p>\n<p>\u00ab\u00a0Tant qu\u2019il y aura des otages\u00a0\u00bb<\/p>\n<p>\u00ab\u00a0Il est urgent de d\u00e9connecter Nice du conflit\u00a0\u00bb, a encore fait valoir ma\u00eetre Lendom devant le tribunal. \u00ab\u00a0Nice est la seule ville en France, peut-\u00eatre m\u00eame la seule du monde qui a cette position. Et cela fait de notre ville une cible privil\u00e9gi\u00e9e\u00a0\u00bb, a-t-elle ajout\u00e9, \u00e9voquant \u00ab\u00a0l\u2019anxi\u00e9t\u00e9 de beaucoup de Ni\u00e7ois\u00a0\u00bb. Pour la Ville de Nice, ma\u00eetre Fa\u00ff, r\u00e9plique: \u00a0\u00bb Il n\u2019y a aucun engagement politique, aucune revendication religieuse. (&#8230;) Tant qu\u2019il restera des otages, Christian Estrosi l\u2019a toujours dit, le drapeau restera\u00a0\u00bb.<\/p>\n<p>                                Rappel \u00e0 l\u2019ordre du pr\u00e9fet<\/p>\n<p>Il l\u2019a m\u00eame dit au nouveau pr\u00e9fet des Alpes-Maritimes, Laurent Hottiaux qui, dans un courrier l\u2019a rappel\u00e9 \u00e0 l\u2019ordre, la semaine derni\u00e8re lui demandant, en vertu du principe de neutralit\u00e9 des b\u00e2timents publics, d\u2019\u00f4ter les \u00ab\u00a0drapeaux \u00e9trangers\u00a0\u00bb. Isra\u00e9liens s\u2019entend. \u00a0\u00bb C\u2019est un refus au gouvernement, pas au pr\u00e9fet\u00a0\u00bb, avait argument\u00e9 le maire de Nice dans nos colonnes, le 17 juin.<\/p>\n<p>\u00ab\u00a0On esp\u00e8re que le pr\u00e9fet fasse maintenant un d\u00e9f\u00e9r\u00e9 (1)\u00a0\u00bb, confie ma\u00eetre Damiano. Qui attend aussi que soit audienc\u00e9 son deuxi\u00e8me recours, cette fois \u00ab\u00a0pour exc\u00e8s de pouvoir\u00a0\u00bb. L\u00e0 encore, avec ma\u00eetre Lendom, elle repr\u00e9sente sept citoyens, dont Christian Masson, pr\u00e9sident du Mrap06 (Mouvement contre le Racisme et pour l\u2019Amiti\u00e9 entre les Peuples) et encore Sylvaine Bourquin, de l\u2019association France Palestine Solidarit\u00e9.<\/p>\n<p>\u00a0<\/p>\n<p>1. Le pr\u00e9fet peut saisir la juridiction administrative d\u00e8s lors qu\u2019il d\u00e9tecte une ill\u00e9galit\u00e9.<\/p>\n","protected":false},"excerpt":{"rendered":"\u00ab\u00a0Le seul message v\u00e9hicul\u00e9 par le pavoisement du drapeau isra\u00e9lien sur l\u2019h\u00f4tel de Ville de Nice, c\u2019est le&hellip;\n","protected":false},"author":2,"featured_media":200628,"comment_status":"","ping_status":"","sticky":false,"template":"","format":"standard","meta":{"footnotes":""},"categories":[2819],"tags":[1111,11,1777,674,1011,27,303,12,2401,882,25],"class_list":{"0":"post-200627","1":"post","2":"type-post","3":"status-publish","4":"format-standard","5":"has-post-thumbnail","7":"category-nice","8":"tag-actu","9":"tag-actualites","10":"tag-eu","11":"tag-europe","12":"tag-fr","13":"tag-france","14":"tag-justice","15":"tag-news","16":"tag-nice","17":"tag-provence-alpes-cote-dazur","18":"tag-republique-francaise"},"share_on_mastodon":{"url":"https:\/\/pubeurope.com\/@fr\/114738183752127152","error":""},"_links":{"self":[{"href":"https:\/\/www.europesays.com\/fr\/wp-json\/wp\/v2\/posts\/200627","targetHints":{"allow":["GET"]}}],"collection":[{"href":"https:\/\/www.europesays.com\/fr\/wp-json\/wp\/v2\/posts"}],"about":[{"href":"https:\/\/www.europesays.com\/fr\/wp-json\/wp\/v2\/types\/post"}],"author":[{"embeddable":true,"href":"https:\/\/www.europesays.com\/fr\/wp-json\/wp\/v2\/users\/2"}],"replies":[{"embeddable":true,"href":"https:\/\/www.europesays.com\/fr\/wp-json\/wp\/v2\/comments?post=200627"}],"version-history":[{"count":0,"href":"https:\/\/www.europesays.com\/fr\/wp-json\/wp\/v2\/posts\/200627\/revisions"}],"wp:featuredmedia":[{"embeddable":true,"href":"https:\/\/www.europesays.com\/fr\/wp-json\/wp\/v2\/media\/200628"}],"wp:attachment":[{"href":"https:\/\/www.europesays.com\/fr\/wp-json\/wp\/v2\/media?parent=200627"}],"wp:term":[{"taxonomy":"category","embeddable":true,"href":"https:\/\/www.europesays.com\/fr\/wp-json\/wp\/v2\/categories?post=200627"},{"taxonomy":"post_tag","embeddable":true,"href":"https:\/\/www.europesays.com\/fr\/wp-json\/wp\/v2\/tags?post=200627"}],"curies":[{"name":"wp","href":"https:\/\/api.w.org\/{rel}","templated":true}]}}