{"id":200647,"date":"2025-06-24T11:57:09","date_gmt":"2025-06-24T11:57:09","guid":{"rendered":"https:\/\/www.europesays.com\/fr\/200647\/"},"modified":"2025-06-24T11:57:09","modified_gmt":"2025-06-24T11:57:09","slug":"pourquoi-ces-eoliennes-sont-inedites","status":"publish","type":"post","link":"https:\/\/www.europesays.com\/fr\/200647\/","title":{"rendered":"pourquoi ces \u00e9oliennes sont in\u00e9dites\u00a0?"},"content":{"rendered":"<p>            Par<br \/>\n        <strong><br \/>\n            <a href=\"https:\/\/actu.fr\/auteur\/redaction-marseille\" title=\"Consulter tous les articles de R\u00e9daction Marseille\" rel=\"nofollow noopener\" target=\"_blank\">R\u00e9daction Marseille<\/a><br \/>\n        <\/strong><\/p>\n<p>        Publi\u00e9 le<\/p>\n<p>            24 juin 2025 \u00e0 13h04        <\/p>\n<p>Les <a href=\"https:\/\/actu.fr\/provence-alpes-cote-d-azur\/bouches-du-rhone_13\" rel=\"nofollow noopener\" target=\"_blank\">Bouches-du-Rh\u00f4ne<\/a> \u00e0 l\u2019honneur. Depuis ce lundi 23 juin 2025, \u00e0 17 kilom\u00e8tres au large de <a href=\"https:\/\/actu.fr\/provence-alpes-cote-d-azur\/port-de-bouc_13077\" rel=\"nofollow noopener\" target=\"_blank\">Porc-de-Bouc<\/a>, le d\u00e9partement poss\u00e8de <strong>\u00ab\u2009le premier parc \u00e9olien flottant en France, et le plus puissant\u2009\u00bb<\/strong>.<\/p>\n<p class=\" wall-content\">Puissant donc, sauf lundi, pour le lancement officiel de la production de cette ferme \u00e9olienne\u2009: en <a href=\"https:\/\/actu.fr\/provence-alpes-cote-d-azur\/marseille_13055\/meteo-a-marseille-et-dans-les-bouches-du-rhone-jusqu-a-quand-la-canicule-va-t-elle-durer_62812360.html\" rel=\"nofollow noopener\" target=\"_blank\">cette journ\u00e9e de canicule<\/a>, les pales des trois monstres \u00e9taient d\u00e9sesp\u00e9r\u00e9ment immobiles, priv\u00e9es de la moindre brise.<\/p>\n<p>Elles peuvent fournir une ville de plus de 100 000 habitants<\/p>\n<p class=\" wall-content\">\u00ab\u2009Chaque \u00e9olienne pourra tourner en moyenne \u00e0 8,3 m\u00e9gawatts\u2009\u00bb, soit 25 m\u00e9gawatts \u00e0 elles trois, de quoi fournir une ville de 45 000 habitants (\u00e9quivalent \u00e0 celle de Martigues)<strong> pendant une ann\u00e9e en \u00e9lectricit\u00e9<\/strong>, a pr\u00e9cis\u00e9 Christine de Jouette, directrice de cette ferme d\u2019\u00e9oliennes pour EDF Power Solutions, ex-EDF Renouvelables, porteur de ce programme avec le Canadien Enbridge.<\/p>\n<p class=\" wall-content\">\u00ab\u2009C\u2019est une technologie qui permet une tr\u00e8s bonne stabilit\u00e9\u2009\u00bb malgr\u00e9 le vent et la houle. Les flotteurs <strong>fonctionnent comme un pendule invers<\/strong>\u00e9\u2009\u00bb, poursuit la dirigeante de la filiale d\u2019EDF, sch\u00e9matisant avec ses mains l\u2019\u00e9olienne derri\u00e8re elle, \u00e0 plusieurs centaines de m\u00e8tres.<\/p>\n<p>Les fonds marins pr\u00e9serv\u00e9s gr\u00e2ce \u00e0 un syst\u00e8me<\/p>\n<p class=\" wall-content\">D\u2019un poids total de 3 500 tonnes, tenue par deux lignes d\u2019ancrage, chaque \u00e9olienne est \u00e9quip\u00e9e d\u2019un syst\u00e8me de flotteurs qui permet d\u2019\u00e9loigner <a href=\"https:\/\/actu.fr\/tag\/parc-eolien-en-mer\" rel=\"nofollow noopener\" target=\"_blank\">le parc \u00e9olien des c\u00f4tes<\/a>, pr\u00e9servant ainsi les fonds marins des forages de maintien des \u00e9oliennes classiques.<\/p>\n<p>Vid\u00e9os : en ce moment sur Actu<\/p>\n<p class=\" wall-content\">Contrairement \u00e0 celles dont le m\u00e2t est plant\u00e9 dans le sol marin, qui repr\u00e9sentent la majorit\u00e9 des\u00a0\u00e9oliennes en mer en France, <strong>celles\u00a0flottantes peuvent \u00eatre install\u00e9es dans des zones profondes et plus venteuses<\/strong>. Une n\u00e9cessit\u00e9 en M\u00e9diterran\u00e9e, o\u00f9 le sol marin atteint rapidement les 100\u00a0m\u00e8tres de profondeur.<\/p>\n<blockquote class=\"ac-article-quote wall-content\">\n<p>\u00ab\u2009Le vent en mer est de tr\u00e8s bonne qualit\u00e9, il n\u2019est pas g\u00ean\u00e9 par les montagnes ou les arbres. Il y a un tr\u00e8s beau flux a\u00e9rodynamique, un vent fort pour faire tourner les pales. Le rotor se met en rotation a partir de 25 m\/s\u2009\u00bb (10 km\/h).<\/p>\n<p>    <strong>Christine de Jouette<\/strong><br \/>\n        Directrice de cette ferme d\u2019\u00e9oliennes pour EDF Power Solutions, ex-EDF Renouvelables, porteur de ce programme avec le Canadien Enbridge    <\/p><\/blockquote>\n<p class=\" wall-content\">\u00ab\u2009On est dans un pays b\u00e9ni des dieux. Un pays tr\u00e8s venteux, des vents de 10 m\/s du nord-ouest avec le mistral et du sud-est. Et on a un sol marin b\u00e9ni pour les ancrages, qui n\u2019est pas tr\u00e8s dur\u2009\u00bb, poursuit-elle. Gr\u00e2ce \u00e0 cela, il sera possible de produire \u00ab\u2009de fa\u00e7on pr\u00e9visible, c\u2019est-\u00e0-dire qu\u2019en fonction de la m\u00e9t\u00e9o, on pourra pr\u00e9voir notre production\u2009\u00bb.<\/p>\n<p>300 millions d\u2019euros investis<\/p>\n<p class=\" wall-content\">Cette ferme, dont la concession est r\u00e9serv\u00e9e pour les 40 prochaines ann\u00e9es, a une<strong> dur\u00e9e de vie pr\u00e9vue de 20\u00a0ans<\/strong>, pour un investissement total de 300\u00a0millions d\u2019euros financ\u00e9s pour un tiers par des fonds propres, un tiers par des subventions (nationales, europ\u00e9ennes et locales) et un tiers par des banques, a pr\u00e9cis\u00e9 EDF Power solutions.<\/p>\n<p class=\" wall-content\">Laur\u00e9at d\u2019un appel d\u2019offres national en 2016, l\u2019\u00e9nerg\u00e9ticien a test\u00e9 ce syst\u00e8me flottant depuis novembre 2024\u2009: sur cette p\u00e9riode, il a d\u00e9j\u00e0 inject\u00e9 30 gigawatts\/heure sur le r\u00e9seau \u00e9lectrique vers le continent. EDF Power Solutions a depuis remport\u00e9 <strong>deux autres appels d\u2019offres<\/strong>, notamment pour un parc de 19 \u00e9oliennes flottantes produisant 250 m\u00e9gawatts \u00e0 l\u2019horizon 2031, \u00e9galement dans le golfe de <a href=\"https:\/\/actu.fr\/provence-alpes-cote-d-azur\/fos-sur-mer_13039\" rel=\"nofollow noopener\" target=\"_blank\">Fos-sur-Mer<\/a>.<\/p>\n<p>Deux autres projets en M\u00e9diterran\u00e9e\u00a0<\/p>\n<p class=\" wall-content\">Avec ses 2 800 km de c\u00f4tes, la France avait d\u00e9cid\u00e9 de se lancer dans l\u2019\u00e9olien en mer d\u00e8s 2009. Les \u00e9oliennes flottantes, technologie encore immature, mais dont l\u2019Europe est pionni\u00e8re, s\u2019imposent en M\u00e9diterran\u00e9e o\u00f9 le plancher marin descend vite.<\/p>\n<p class=\" wall-content\">Apr\u00e8s Provence Grand Large, deux autres fermes d\u2019\u00e9oliennes flottantes sont attendues tr\u00e8s prochainement en M\u00e9diterran\u00e9e :<\/p>\n<ul class=\" wall-content\">\n<li>le projet EolMed au large de Gruissan (Aude), promu par le producteur ind\u00e9pendant Quair, avec une participation de 20\u2009% de Total<\/li>\n<li>Et celui des Eoliennes flottantes du Golfe du Lion, au large de Leucate (Aude) et de Barcar\u00e8s (Pyr\u00e9n\u00e9es-Orientales), port\u00e9 par Ocean Winds, coentreprise d\u00e9di\u00e9e \u00e0 l\u2019\u00e9olien en mer d\u00e9tenue par Engie et le groupe portugais EDPR.<\/li>\n<\/ul>\n<p>Avec AFP<\/p>\n<p class=\" wall-content\">Suivez toute l\u2019actualit\u00e9 de vos villes et m\u00e9dias favoris en vous inscrivant \u00e0 <a href=\"https:\/\/moncompte.actu.fr\" title=\"D\u00e9couvez Mon Actu\" rel=\"nofollow noopener\" data-trk=\"{&quot;cta&quot;:{&quot;action&quot;:&quot;https:\\\/\\\/moncompte.actu.fr&quot;,&quot;category&quot;:&quot;mon compte&quot;,&quot;from&quot;:&quot;article footer&quot;,&quot;name&quot;:&quot;Mon actu&quot;,&quot;type&quot;:&quot;cta&quot;}}\" target=\"_blank\">Mon Actu<\/a>.<\/p>\n<ul class=\"ac-article-tag wall-content\">\n<li><a href=\"https:\/\/actu.fr\/tag\/environnement\" data-trk=\"{&quot;cta&quot;:{&quot;action&quot;:&quot;Environnement&quot;,&quot;category&quot;:&quot;tag&quot;,&quot;from&quot;:&quot;article footer&quot;,&quot;name&quot;:&quot;Environnement&quot;,&quot;type&quot;:&quot;cta&quot;}}\" rel=\"nofollow noopener\" target=\"_blank\">#Environnement<\/a><\/li>\n<li><a href=\"https:\/\/actu.fr\/tag\/parc-eolien-en-mer\" data-trk=\"{&quot;cta&quot;:{&quot;action&quot;:&quot;Parc \\u00e9olien en mer&quot;,&quot;category&quot;:&quot;tag&quot;,&quot;from&quot;:&quot;article footer&quot;,&quot;name&quot;:&quot;Parc \\u00e9olien en mer&quot;,&quot;type&quot;:&quot;cta&quot;}}\" rel=\"nofollow noopener\" target=\"_blank\">#Parc \u00e9olien en mer<\/a><\/li>\n<\/ul>\n","protected":false},"excerpt":{"rendered":"Par R\u00e9daction Marseille Publi\u00e9 le 24 juin 2025 \u00e0 13h04 Les Bouches-du-Rh\u00f4ne \u00e0 l\u2019honneur. Depuis ce lundi 23&hellip;\n","protected":false},"author":2,"featured_media":200648,"comment_status":"","ping_status":"","sticky":false,"template":"","format":"standard","meta":{"footnotes":""},"categories":[2814],"tags":[1111,11,436,1777,674,1011,27,884,12,34002,882,25,104],"class_list":{"0":"post-200647","1":"post","2":"type-post","3":"status-publish","4":"format-standard","5":"has-post-thumbnail","7":"category-marseille","8":"tag-actu","9":"tag-actualites","10":"tag-environnement","11":"tag-eu","12":"tag-europe","13":"tag-fr","14":"tag-france","15":"tag-marseille","16":"tag-news","17":"tag-parc-eolien-en-mer","18":"tag-provence-alpes-cote-dazur","19":"tag-republique-francaise","20":"tag-societe"},"share_on_mastodon":{"url":"","error":""},"_links":{"self":[{"href":"https:\/\/www.europesays.com\/fr\/wp-json\/wp\/v2\/posts\/200647","targetHints":{"allow":["GET"]}}],"collection":[{"href":"https:\/\/www.europesays.com\/fr\/wp-json\/wp\/v2\/posts"}],"about":[{"href":"https:\/\/www.europesays.com\/fr\/wp-json\/wp\/v2\/types\/post"}],"author":[{"embeddable":true,"href":"https:\/\/www.europesays.com\/fr\/wp-json\/wp\/v2\/users\/2"}],"replies":[{"embeddable":true,"href":"https:\/\/www.europesays.com\/fr\/wp-json\/wp\/v2\/comments?post=200647"}],"version-history":[{"count":0,"href":"https:\/\/www.europesays.com\/fr\/wp-json\/wp\/v2\/posts\/200647\/revisions"}],"wp:featuredmedia":[{"embeddable":true,"href":"https:\/\/www.europesays.com\/fr\/wp-json\/wp\/v2\/media\/200648"}],"wp:attachment":[{"href":"https:\/\/www.europesays.com\/fr\/wp-json\/wp\/v2\/media?parent=200647"}],"wp:term":[{"taxonomy":"category","embeddable":true,"href":"https:\/\/www.europesays.com\/fr\/wp-json\/wp\/v2\/categories?post=200647"},{"taxonomy":"post_tag","embeddable":true,"href":"https:\/\/www.europesays.com\/fr\/wp-json\/wp\/v2\/tags?post=200647"}],"curies":[{"name":"wp","href":"https:\/\/api.w.org\/{rel}","templated":true}]}}