{"id":200661,"date":"2025-06-24T12:05:09","date_gmt":"2025-06-24T12:05:09","guid":{"rendered":"https:\/\/www.europesays.com\/fr\/200661\/"},"modified":"2025-06-24T12:05:09","modified_gmt":"2025-06-24T12:05:09","slug":"historical-materialism-paris-du-26-au-28-juin-2025-un-evenement-incontournable","status":"publish","type":"post","link":"https:\/\/www.europesays.com\/fr\/200661\/","title":{"rendered":"Historical Materialism Paris du 26 au 28 juin 2025 : un \u00e9v\u00e9nement incontournable"},"content":{"rendered":"<p>La premi\u00e8re \u00e9dition de Historical Materialism Paris aura lieu dans quelques jours, du jeudi 26 au samedi 28 juin 2025. Dans le cadre de cette conf\u00e9rence interviendront plusieurs centaines de chercheurs\/ses et de militant-es qui inscrivent leurs r\u00e9flexions et recherches dans le cadre du marxisme ou dans un dialogue productif avec le marxisme. Bien s\u00fbr, elle est ouverte \u00e0 quiconque se pose des questions relatives \u00e0 la politique d\u2019\u00e9mancipation, sous la seule condition de <a href=\"https:\/\/shotgun.live\/en\/events\/historical-materialism-paris\" target=\"_blank\" rel=\"noopener\">s\u2019inscrire au pr\u00e9alable ici.<\/a> <\/p>\n<p><a href=\"https:\/\/www.historicalmaterialism.org\/\" target=\"_blank\" rel=\"noreferrer noopener\">Historical Materialism<\/a> est le nom d\u2019un projet de renouveau du marxisme qui englobe : <\/p>\n<p>\u2013 une revue lanc\u00e9e en 1997, dans un contexte et avec des objectifs sur lequel l\u2019un de ses fondateurs \u2013 Sebastian Budgen \u2013 est revenu <a href=\"http:\/\/revueperiode.net\/historical-materialism-un-espace-de-recherche-marxiste-entretien-avec-sebastian-budgen\/\" target=\"_blank\" rel=\"noreferrer noopener\">dans cet entretien<\/a> ; <\/p>\n<p>\u2013 une <a href=\"https:\/\/brill.com\/display\/serial\/HM\" target=\"_blank\" rel=\"noreferrer noopener\">collection d\u2019ouvrages<\/a> publi\u00e9s par les \u00e9ditions Brill ; <\/p>\n<p>\u2013 et une s\u00e9rie de conf\u00e9rences internationales organis\u00e9es chaque ann\u00e9e \u00e0 Londres. Plus r\u00e9cemment, des conf\u00e9rences du m\u00eame type ont \u00e9t\u00e9 organis\u00e9es \u00e0 Ankara, Ath\u00e8nes, Barcelone, Berlin, Beyrouth, Cluj, Istanbul, Melbourne, Montr\u00e9al, New Delhi, New York, Rome, Sydney et Toronto, ainsi qu\u2019une version en ligne pour l\u2019Asie du Sud-Est, signalant le regain d\u2019int\u00e9r\u00eat pour le marxisme \u00e0 l\u2019\u00e9chelle globale. <\/p>\n<p>Vous pourrez retrouver <a href=\"https:\/\/hmparis.org\/#appel\" target=\"_blank\" rel=\"noreferrer noopener\">ici l\u2019appel<\/a> de cette conf\u00e9rence, les <a href=\"https:\/\/hmparis.org\/#thematique\" target=\"_blank\" rel=\"noreferrer noopener\">appels th\u00e9matiques<\/a>, ainsi que le <a href=\"https:\/\/hmparis.org\/le-programme\/\" target=\"_blank\" rel=\"noreferrer noopener\">programme complet<\/a> de la conf\u00e9rence, incluant quatre pl\u00e9ni\u00e8res et des dizaines d\u2019ateliers sur la th\u00e9orie marxiste mais aussi la Palestine, l\u2019\u00e9cologie, le f\u00e9minisme, l\u2019antiracisme, le travail, la lutte des classes, le fascisme, la culture et les arts, l\u2019\u00c9tat, l\u2019imp\u00e9rialisme, les migrations ou encore la g\u00e9ographie critique. <\/p>\n","protected":false},"excerpt":{"rendered":"La premi\u00e8re \u00e9dition de Historical Materialism Paris aura lieu dans quelques jours, du jeudi 26 au samedi 28&hellip;\n","protected":false},"author":2,"featured_media":200662,"comment_status":"","ping_status":"","sticky":false,"template":"","format":"standard","meta":{"footnotes":""},"categories":[1888],"tags":[11,34004,14711,34005,51,34006,1777,674,6757,1011,27,29255,29256,12,626,25,29261,5384,34007],"class_list":{"0":"post-200661","1":"post","2":"type-post","3":"status-publish","4":"format-standard","5":"has-post-thumbnail","7":"category-paris","8":"tag-actualites","9":"tag-anti-imperialisme","10":"tag-antiracisme","11":"tag-communisme","12":"tag-ecologie","13":"tag-engels","14":"tag-eu","15":"tag-europe","16":"tag-feminisme","17":"tag-fr","18":"tag-france","19":"tag-marx","20":"tag-marxisme","21":"tag-news","22":"tag-paris","23":"tag-republique-francaise","24":"tag-socialisme","25":"tag-strategie","26":"tag-theorie"},"share_on_mastodon":{"url":"","error":""},"_links":{"self":[{"href":"https:\/\/www.europesays.com\/fr\/wp-json\/wp\/v2\/posts\/200661","targetHints":{"allow":["GET"]}}],"collection":[{"href":"https:\/\/www.europesays.com\/fr\/wp-json\/wp\/v2\/posts"}],"about":[{"href":"https:\/\/www.europesays.com\/fr\/wp-json\/wp\/v2\/types\/post"}],"author":[{"embeddable":true,"href":"https:\/\/www.europesays.com\/fr\/wp-json\/wp\/v2\/users\/2"}],"replies":[{"embeddable":true,"href":"https:\/\/www.europesays.com\/fr\/wp-json\/wp\/v2\/comments?post=200661"}],"version-history":[{"count":0,"href":"https:\/\/www.europesays.com\/fr\/wp-json\/wp\/v2\/posts\/200661\/revisions"}],"wp:featuredmedia":[{"embeddable":true,"href":"https:\/\/www.europesays.com\/fr\/wp-json\/wp\/v2\/media\/200662"}],"wp:attachment":[{"href":"https:\/\/www.europesays.com\/fr\/wp-json\/wp\/v2\/media?parent=200661"}],"wp:term":[{"taxonomy":"category","embeddable":true,"href":"https:\/\/www.europesays.com\/fr\/wp-json\/wp\/v2\/categories?post=200661"},{"taxonomy":"post_tag","embeddable":true,"href":"https:\/\/www.europesays.com\/fr\/wp-json\/wp\/v2\/tags?post=200661"}],"curies":[{"name":"wp","href":"https:\/\/api.w.org\/{rel}","templated":true}]}}