{"id":200663,"date":"2025-06-24T12:06:15","date_gmt":"2025-06-24T12:06:15","guid":{"rendered":"https:\/\/www.europesays.com\/fr\/200663\/"},"modified":"2025-06-24T12:06:15","modified_gmt":"2025-06-24T12:06:15","slug":"tous-en-noir-ce-soir-le-paris-basketball-suggere-un-code-couleur-a-ses-fans-pour-le-duel-decisif-contre-monaco","status":"publish","type":"post","link":"https:\/\/www.europesays.com\/fr\/200663\/","title":{"rendered":"\u00ab\u00a0Tous en noir ce soir\u00a0\u00bb, le Paris Basketball sugg\u00e8re un code couleur \u00e0 ses fans pour le duel d\u00e9cisif contre Monaco"},"content":{"rendered":"<p class=\"paragraph text_align_left lp-f-body-02\">Le Paris Basketball affiche haut la couleur avant l\u2019ultime bataille. Ce mardi soir (20h30), l\u2019Adidas Arena accueillera l\u2019acte V d\u00e9cisif de<a href=\"https:\/\/www.leparisien.fr\/sports\/basket\/paris-basketball-monaco-pourquoi-nadir-hifi-et-tj-shorts-detiennent-les-cles-de-la-finale-24-06-2025-JSNQMB3HU5EYVLJ5W5SCJKUYAY.php\" target=\"_self\" rel=\"noopener\"> la finale de Betclic \u00c9lite face \u00e0 Monaco<\/a>. Un match couperet, au terme duquel sera sacr\u00e9 le champion de France 2025.<\/p>\n<p class=\"paragraph text_align_left lp-f-body-02\">Pour cette rencontre au sommet, le club parisien appelle ses supporters \u00e0 cr\u00e9er une atmosph\u00e8re sombre et puissante. Dans un message publi\u00e9 sur Instagram, le mot d\u2019ordre est clair : \u00ab Tous en noir ce soir la famille. Si vous n\u2019avez pas de noir Paris Basketball (NDLR : la couleur principale de l\u2019\u00e9quipe), venez en noir tout simplement. Objectif : tout \u00e9teindre. \u00bb<\/p>\n<p class=\"paragraph text_align_left lp-f-body-02\">Battus par Monaco en quatre matchs lors de la finale l\u2019an dernier, les Parisiens de T.J. Shorts entendent rectifier le tir. Cette saison, ils avaient parfaitement lanc\u00e9 leur s\u00e9rie en s\u2019imposant lors des deux premi\u00e8res manches \u00e0 domicile. Mais sur le Rocher, les hommes de Tuomas Iisalo ont laiss\u00e9 filer deux occasions de conclure, dont le match 4 dimanche (80-74), qui a permis \u00e0 Monaco d\u2019\u00e9galiser \u00e0 2-2.<\/p>\n<p class=\"paragraph text_align_left lp-f-body-02\">Ce match 5 scellera donc l\u2019histoire : un troisi\u00e8me titre cons\u00e9cutif pour l\u2019AS Monaco ou le premier sacre de l\u2019histoire du Paris Basketball.<\/p>\n","protected":false},"excerpt":{"rendered":"Le Paris Basketball affiche haut la couleur avant l\u2019ultime bataille. Ce mardi soir (20h30), l\u2019Adidas Arena accueillera l\u2019acte&hellip;\n","protected":false},"author":2,"featured_media":200664,"comment_status":"","ping_status":"","sticky":false,"template":"","format":"standard","meta":{"footnotes":""},"categories":[1888],"tags":[11,1465,1777,674,1011,27,12,626,25,60],"class_list":{"0":"post-200663","1":"post","2":"type-post","3":"status-publish","4":"format-standard","5":"has-post-thumbnail","7":"category-paris","8":"tag-actualites","9":"tag-basket","10":"tag-eu","11":"tag-europe","12":"tag-fr","13":"tag-france","14":"tag-news","15":"tag-paris","16":"tag-republique-francaise","17":"tag-sports"},"share_on_mastodon":{"url":"","error":""},"_links":{"self":[{"href":"https:\/\/www.europesays.com\/fr\/wp-json\/wp\/v2\/posts\/200663","targetHints":{"allow":["GET"]}}],"collection":[{"href":"https:\/\/www.europesays.com\/fr\/wp-json\/wp\/v2\/posts"}],"about":[{"href":"https:\/\/www.europesays.com\/fr\/wp-json\/wp\/v2\/types\/post"}],"author":[{"embeddable":true,"href":"https:\/\/www.europesays.com\/fr\/wp-json\/wp\/v2\/users\/2"}],"replies":[{"embeddable":true,"href":"https:\/\/www.europesays.com\/fr\/wp-json\/wp\/v2\/comments?post=200663"}],"version-history":[{"count":0,"href":"https:\/\/www.europesays.com\/fr\/wp-json\/wp\/v2\/posts\/200663\/revisions"}],"wp:featuredmedia":[{"embeddable":true,"href":"https:\/\/www.europesays.com\/fr\/wp-json\/wp\/v2\/media\/200664"}],"wp:attachment":[{"href":"https:\/\/www.europesays.com\/fr\/wp-json\/wp\/v2\/media?parent=200663"}],"wp:term":[{"taxonomy":"category","embeddable":true,"href":"https:\/\/www.europesays.com\/fr\/wp-json\/wp\/v2\/categories?post=200663"},{"taxonomy":"post_tag","embeddable":true,"href":"https:\/\/www.europesays.com\/fr\/wp-json\/wp\/v2\/tags?post=200663"}],"curies":[{"name":"wp","href":"https:\/\/api.w.org\/{rel}","templated":true}]}}