{"id":200672,"date":"2025-06-24T12:11:11","date_gmt":"2025-06-24T12:11:11","guid":{"rendered":"https:\/\/www.europesays.com\/fr\/200672\/"},"modified":"2025-06-24T12:11:11","modified_gmt":"2025-06-24T12:11:11","slug":"comment-lallemagne-financera-t-elle-la-hausse-rapide-de-ses-depenses-de-defense","status":"publish","type":"post","link":"https:\/\/www.europesays.com\/fr\/200672\/","title":{"rendered":"Comment l&rsquo;Allemagne financera-t-elle la hausse rapide de ses d\u00e9penses de d\u00e9fense\u00a0?"},"content":{"rendered":"<p>L&rsquo;Allemagne va porter ses d\u00e9penses de d\u00e9fense \u00e0 3,5\u00a0% de son produit int\u00e9rieur brut (PIB) d&rsquo;ici 2029, soit une augmentation significative et rapide par rapport au quota de 2\u00a0% fix\u00e9 par l&rsquo;OTAN, qu&rsquo;elle n&rsquo;a atteint pour la premi\u00e8re fois qu&rsquo;en 2024 apr\u00e8s trois d\u00e9cennies.<\/p>\n<p>Voici comment l&rsquo;Allemagne pr\u00e9voit d&rsquo;atteindre cet objectif de d\u00e9penses de d\u00e9fense\u00a0:<\/p>\n<p><b>FONDS DE D\u00c9FENSE<\/b><\/p>\n<p>\nQuelques jours apr\u00e8s l&rsquo;invasion de l&rsquo;Ukraine par la Russie en 2022, l&rsquo;ancien chancelier Olaf Scholz avait surpris les alli\u00e9s en annon\u00e7ant une \u00ab\u00a0Zeitenwende\u00a0\u00bb &#8212; un tournant historique &#8212; avec la cr\u00e9ation d&rsquo;un fonds sp\u00e9cial de 100\u00a0milliards d&rsquo;euros (116\u00a0milliards de dollars) destin\u00e9 \u00e0 moderniser l&rsquo;arm\u00e9e.<\/p>\n<p>\nEntre 2025 et 2027, 77\u00a0milliards d&rsquo;euros de d\u00e9penses de d\u00e9fense proviendront de ce fonds, qui sera enti\u00e8rement utilis\u00e9 d&rsquo;ici la fin 2027.<\/p>\n<p><b>R\u00c9FORME DU FREIN \u00c0 L&rsquo;ENDETTEMENT<\/b><\/p>\n<p>\n\u00c0 partir de 2028, il n&rsquo;\u00e9tait pas clair comment l&rsquo;Allemagne pourrait maintenir l&rsquo;objectif de 2\u00a0% du PIB en d\u00e9penses de d\u00e9fense de l&rsquo;OTAN sans de nouveaux apports du fonds, la r\u00e8gle constitutionnelle du \u00ab\u00a0frein \u00e0 l&rsquo;endettement\u00a0\u00bb limitant l&#8217;emprunt public \u00e0 0,35\u00a0% du PIB.<\/p>\n<p>\nPour y parvenir, une d\u00e9rogation aux r\u00e8gles d&rsquo;endettement pour les d\u00e9penses de d\u00e9fense a \u00e9t\u00e9 approuv\u00e9e en mars, apr\u00e8s de longues tractations politiques.<\/p>\n<p>\nL&rsquo;Allemagne, d\u00e9sormais dirig\u00e9e par le chancelier Friedrich Merz, sera ainsi autoris\u00e9e \u00e0 emprunter au total 378,1\u00a0milliards d&rsquo;euros pour la d\u00e9fense entre 2025 et 2029.<\/p>\n<p><b>QUELLE EST L&rsquo;AMPLEUR DE LA HAUSSE\u00a0?<\/b><\/p>\n<p>\nLes d\u00e9penses annuelles de d\u00e9fense de l&rsquo;Allemagne passeront de 95\u00a0milliards d&rsquo;euros dans le projet de budget 2025 \u00e0 162\u00a0milliards d&rsquo;euros dans le cadre budg\u00e9taire pr\u00e9vu pour 2029. Ce montant inclut 9\u00a0milliards d&rsquo;euros par an destin\u00e9s \u00e0 l&rsquo;Ukraine.<\/p>\n<p>\nSur la p\u00e9riode de cinq ans, les d\u00e9penses de d\u00e9fense totaliseront 649\u00a0milliards d&rsquo;euros.<\/p>\n<p>\n(1\u00a0$ = 0,8613\u00a0euros)<\/p>\n","protected":false},"excerpt":{"rendered":"L&rsquo;Allemagne va porter ses d\u00e9penses de d\u00e9fense \u00e0 3,5\u00a0% de son produit int\u00e9rieur brut (PIB) d&rsquo;ici 2029, soit&hellip;\n","protected":false},"author":2,"featured_media":200673,"comment_status":"","ping_status":"","sticky":false,"template":"","format":"standard","meta":{"footnotes":""},"categories":[1587],"tags":[11,672,340,1804,1805,1803,1777,674,1801,12,1802],"class_list":{"0":"post-200672","1":"post","2":"type-post","3":"status-publish","4":"format-standard","5":"has-post-thumbnail","7":"category-allemagne","8":"tag-actualites","9":"tag-allemagne","10":"tag-bourse","11":"tag-bundesrepublik-deutschland","12":"tag-de","13":"tag-deutschland","14":"tag-eu","15":"tag-europe","16":"tag-germany","17":"tag-news","18":"tag-republique-federale-dallemagne"},"share_on_mastodon":{"url":"","error":""},"_links":{"self":[{"href":"https:\/\/www.europesays.com\/fr\/wp-json\/wp\/v2\/posts\/200672","targetHints":{"allow":["GET"]}}],"collection":[{"href":"https:\/\/www.europesays.com\/fr\/wp-json\/wp\/v2\/posts"}],"about":[{"href":"https:\/\/www.europesays.com\/fr\/wp-json\/wp\/v2\/types\/post"}],"author":[{"embeddable":true,"href":"https:\/\/www.europesays.com\/fr\/wp-json\/wp\/v2\/users\/2"}],"replies":[{"embeddable":true,"href":"https:\/\/www.europesays.com\/fr\/wp-json\/wp\/v2\/comments?post=200672"}],"version-history":[{"count":0,"href":"https:\/\/www.europesays.com\/fr\/wp-json\/wp\/v2\/posts\/200672\/revisions"}],"wp:featuredmedia":[{"embeddable":true,"href":"https:\/\/www.europesays.com\/fr\/wp-json\/wp\/v2\/media\/200673"}],"wp:attachment":[{"href":"https:\/\/www.europesays.com\/fr\/wp-json\/wp\/v2\/media?parent=200672"}],"wp:term":[{"taxonomy":"category","embeddable":true,"href":"https:\/\/www.europesays.com\/fr\/wp-json\/wp\/v2\/categories?post=200672"},{"taxonomy":"post_tag","embeddable":true,"href":"https:\/\/www.europesays.com\/fr\/wp-json\/wp\/v2\/tags?post=200672"}],"curies":[{"name":"wp","href":"https:\/\/api.w.org\/{rel}","templated":true}]}}