{"id":200677,"date":"2025-06-24T12:14:09","date_gmt":"2025-06-24T12:14:09","guid":{"rendered":"https:\/\/www.europesays.com\/fr\/200677\/"},"modified":"2025-06-24T12:14:09","modified_gmt":"2025-06-24T12:14:09","slug":"bernard-henri-levy-fustige-lannonce-de-donald-trump","status":"publish","type":"post","link":"https:\/\/www.europesays.com\/fr\/200677\/","title":{"rendered":"Bernard-Henri L\u00e9vy fustige l\u2019annonce de Donald Trump"},"content":{"rendered":"<p>\u00abC\u2019est \u00e0 Isra\u00ebl de savoir s\u2019il a ou non neutralis\u00e9 la puissance militaire iranienne\u00bb, a martel\u00e9 ce mardi le philosophe, alors que l\u2019\u00c9tat h\u00e9breu a accept\u00e9 la proposition de tr\u00eave am\u00e9ricaine.<\/p>\n<p class=\"fig-paragraph\">Le conflit entre Isra\u00ebl et l\u2019Iran conna\u00eet un tournant. Le pr\u00e9sident Donald Trump a propos\u00e9 dans la nuit de lundi \u00e0 mardi un cessez-le-feu entre les bellig\u00e9rants, que l\u2019\u00c9tat h\u00e9breu a annonc\u00e9 accepter ce matin. Invit\u00e9 de\u00a0<a href=\"https:\/\/www.cnews.fr\/le-direct\" target=\"_blank\" rel=\"nofollow noopener\" data-gtm-custom-categorie=\"navigation\" data-gtm-custom-action=\"crossclick\" data-gtm-custom-label=\"Contextuel\" data-gtm-event=\"customEventSPE\">CNews<\/a>, le philosophe\u00a0<a href=\"http:\/\/www.lefigaro.fr\/politique\/israel-bernard-henri-levy-annule-sa-participation-a-une-conference-a-laquelle-participent-jordan-bardella-et-marion-marechal-20250313\" target=\"_blank\" data-fig-type=\"Article\" rel=\"noopener\" data-gtm-custom-categorie=\"navigation\" data-gtm-custom-action=\"crossclick\" data-gtm-custom-label=\"Contextuel\" data-gtm-event=\"customEventSPE\" data-fig-domain=\"LEFIGARO\">Bernard-Henri L\u00e9vy<\/a>\u00a0a fustig\u00e9 l\u2019initiative du locataire de la Maison-Blanche. \u00abJ\u2019ai dit merci il y a trois jours pour l\u2019appui am\u00e9ricain, aujourd\u2019hui je lui dis\u00a0: \u2019de quoi je me m\u00eale\u00a0?\u2019 Qui est-il pour ordonner un cessez-le-feu \u00e0 Isra\u00ebl et l\u2019Iran\u00a0?\u00bb, a-t-il temp\u00eat\u00e9.<\/p>\n<p class=\"fig-paragraph\">Lorsque la Maison-Blanche avait annonc\u00e9 des frappes am\u00e9ricaines sur T\u00e9h\u00e9ran ce dimanche, le philosophe avait manifest\u00e9 son soutien \u00e0 cette action militaire. \u00abC\u2019est la premi\u00e8re fois que je le dis. Peut-\u00eatre la derni\u00e8re, mais je le dis de tout c\u0153ur. Merci, pr\u00e9sident Trump. Merci pour Isra\u00ebl\u00bb, avait-il \u00e9crit sur son compte X. Ce mardi, il a fait part de ses doutes sur la d\u00e9cision de\u00a0<a href=\"http:\/\/www.lefigaro.fr\/international\/donald-trump-il-y-aura-soit-la-paix-soit-une-tragedie-pour-l-iran-20250622\" target=\"_blank\" data-fig-type=\"Article\" rel=\"noopener\" data-gtm-custom-categorie=\"navigation\" data-gtm-custom-action=\"crossclick\" data-gtm-custom-label=\"Contextuel\" data-gtm-event=\"customEventSPE\" data-fig-domain=\"LEFIGARO\">Donald Trump<\/a>. \u00abC\u2019\u00e9tait audacieux de venir en renfort d\u2019Isra\u00ebl pour frapper des positions qu\u2019Isra\u00ebl n\u2019avait pas les moyens de toucher, mais il n\u2019a pas les informations, pas le droit de demander un cessez-le-feu, c\u2019est au premier ministre isra\u00e9lien et \u00e0 son arm\u00e9e d\u2019en juger\u00bb, a martel\u00e9 celui qui pense que la proposition am\u00e9ricaine \u00abn\u2019a sans doute pas \u00e9t\u00e9 concert\u00e9e avec Isra\u00ebl, tout comme l\u2019attaque isra\u00e9lienne n\u2019a s\u00fbrement pas \u00e9t\u00e9 discut\u00e9e avec les \u00c9tats-Unis\u00bb.<\/p>\n<p class=\"fig-paragraph\">Sur le plateau de CNews, Bernard-Henri L\u00e9vy a r\u00e9affirm\u00e9 son soutien \u00e0 l\u2019action isra\u00e9lienne. Citant la th\u00e9orie de la \u00abguerre juste\u00bb de saint Augustin, il a argu\u00e9 que \u00ab l\u2019<a href=\"http:\/\/www.lefigaro.fr\/vox\/monde\/surtout-ne-baisse-jamais-la-garde-deux-femmes-au-plus-pres-de-la-republique-islamique-d-iran-20241218\" target=\"_blank\" data-fig-type=\"Article\" rel=\"noopener\" data-gtm-custom-categorie=\"navigation\" data-gtm-custom-action=\"crossclick\" data-gtm-custom-label=\"Contextuel\" data-gtm-event=\"customEventSPE\" data-fig-domain=\"LEFIGARO\">Iran a d\u00e9clar\u00e9 une guerre contre son peuple<\/a> , et contre Isra\u00ebl\u00a0: en avril 2024, puis en septembre, avec des frappes de missiles jamais vues. C\u2019est donc \u00e0 Isra\u00ebl de savoir s\u2019il a ou non neutralis\u00e9 la puissance militaire iranienne\u00bb. Selon lui, les frappes men\u00e9es par Tsahal sont indiscutables. \u00abHitler ne serait pas tomb\u00e9 sans les bombes, le fascisme japonais ne serait pas tomb\u00e9 sans, h\u00e9las, les pires des bombes. Ce ne sont pas les Occidentaux qui vont donner des le\u00e7ons de changement de r\u00e9gime par les bombes\u00a0\u00bb. Dans la matinale de<a href=\"https:\/\/www.tf1info.fr\/international\/videos\/video-en-toute-franchise-bernard-henri-levy-65618-2378564.html\" target=\"_blank\" rel=\"nofollow noopener\" data-gtm-custom-categorie=\"navigation\" data-gtm-custom-action=\"crossclick\" data-gtm-custom-label=\"Contextuel\" data-gtm-event=\"customEventSPE\">\u00a0TF1<\/a> \u00a0ce lundi, il avait d\u00e9clar\u00e9 que \u00ables Isra\u00e9liens ont eu le courage de faire ce dont r\u00eavaient en secret tous les \u00c9tats de la r\u00e9gion\u00bb.\u00a0<\/p>\n<p class=\"fig-body-link\">\n            \u00c0 lire aussi<br \/>\n        <a class=\"fig-body-link__link fig-premium-mark\" href=\"http:\/\/www.lefigaro.fr\/international\/l-iran-peine-a-obtenir-de-l-aide-de-la-part-de-la-russie-soucieuse-de-ne-pas-s-aliener-les-etats-unis-20250623\" data-fig-type=\"Article\" data-gtm-custom-categorie=\"navigation\" data-gtm-custom-action=\"crossclick\" data-gtm-custom-label=\"Contextuel\" data-gtm-event=\"customEventSPE\" data-fig-domain=\"LEFIGARO\" target=\"_blank\" rel=\"noopener\">L\u2019Iran peine \u00e0 obtenir de l\u2019aide de la part de la Russie, soucieuse de ne pas s\u2019ali\u00e9ner les \u00c9tats-Unis<br \/>\n    <\/a>\n<\/p>\n<p>\u00abCette guerre, c\u2019est la n\u00f4tre\u00bb<\/p>\n<p class=\"fig-paragraph\">L\u2019invit\u00e9 en a profit\u00e9 pour d\u00e9noncer la position fran\u00e7aise. \u00ab\u00c7a me fait de la peine de voir que sur un sujet aussi important que la diplomatie, la politique fran\u00e7aise soit aussi \u00e0 c\u00f4t\u00e9 de la plaque, a-t-il jug\u00e9. M.Barrot parle de diplomatie. Lorsqu\u2019une bombe est tomb\u00e9e \u00e0 la porte de la<a href=\"http:\/\/www.lefigaro.fr\/international\/incendie-a-la-prison-d-evin-a-teheran-pour-les-iraniens-ce-centre-est-l-equivalent-de-la-bastille-pour-les-francais-20221016\" data-fig-type=\"Article\" data-gtm-custom-categorie=\"navigation\" data-gtm-custom-action=\"crossclick\" data-gtm-custom-label=\"Contextuel\" data-gtm-event=\"customEventSPE\" data-fig-domain=\"LEFIGARO\" target=\"_blank\" rel=\"noopener\">\u00a0prison d\u2019Evin<\/a> , Il n\u2019a jamais trouv\u00e9 de mieux \u00e0 dire \u2019on a deux ressortissants fran\u00e7ais\u2019. C\u2019est vrai, mais ce n\u2019est pas le principal probl\u00e8me. Quand on fait tomber la Bastille, on fait tomber la Bastille\u00bb.<\/p>\n<p class=\"fig-paragraph\">Invit\u00e9 pour pr\u00e9senter son film \u00abNotre Guerre\u00bb tourn\u00e9 sur le front ukrainien, Bernard-Henri L\u00e9vy a d\u00e9clar\u00e9 qu\u2019\u00abau Moyen-Orient, cette guerre, c\u2019est la n\u00f4tre\u00bb. \u00ab Le destin de l\u2019Occident en d\u00e9pend. Si\u00a0<a href=\"http:\/\/www.lefigaro.fr\/conjoncture\/guerre-israel-iran-les-cours-du-petrole-plongent-de-plus-de-5-apres-l-annonce-d-un-cessez-le-feu-20250624\" target=\"_blank\" data-fig-type=\"NewsFlash\" rel=\"noopener\" data-gtm-custom-categorie=\"navigation\" data-gtm-custom-action=\"crossclick\" data-gtm-custom-label=\"Contextuel\" data-gtm-event=\"customEventSPE\" data-fig-domain=\"LEFIGARO\">Isra\u00ebl<\/a> \u00a0venait \u00e0 dispara\u00eetre, ce serait un effondrement symbolique et moral tel pour l\u2019Occident qu\u2019il ne s\u2019en remettrait pas\u00a0\u00bb, a martel\u00e9 celui qui voit dans le r\u00e9gime des mollahs une \u00abmenace existentielle\u00bb. \u00abIl est impensable pour le monde de laisser l\u2019Iran, parrain du terrorisme international, se doter d\u2019armes atomiques\u00bb, avait-il affirm\u00e9 sur\u00a0<a href=\"https:\/\/www.bfmtv.com\/international\/moyen-orient\/iran\/conflit-israel-iran-pour-bernard-henri-levy-ecrivain-et-philosophe-l-attaque-israelienne-contre-l-iran-etait-inevitable_VN-202506150349.html\" target=\"_blank\" rel=\"nofollow noopener\" data-gtm-custom-categorie=\"navigation\" data-gtm-custom-action=\"crossclick\" data-gtm-custom-label=\"Contextuel\" data-gtm-event=\"customEventSPE\">BFM TV<\/a> \u00a0le 15 juin.<\/p>\n<p class=\"fig-paragraph\">Pendant l\u2019interview, le philosophe a \u00e9t\u00e9 tenu inform\u00e9 de l\u2019assentiment du gouvernement isra\u00e9lien \u00e0 la proposition de Donald Trump. \u00abSi les Isra\u00e9liens pensent cela, tr\u00e8s bien\u00a0: il y aura la guerre des Douze jours comme la guerre des Six jours\u00a0\u00bb, a-t-il jug\u00e9. Une tr\u00eave fragile, que l\u2019Iran et Isra\u00ebl se sont d\u00e9j\u00e0 accus\u00e9s mutuellement de violer.<\/p>\n","protected":false},"excerpt":{"rendered":"\u00abC\u2019est \u00e0 Isra\u00ebl de savoir s\u2019il a ou non neutralis\u00e9 la puissance militaire iranienne\u00bb, a martel\u00e9 ce mardi&hellip;\n","protected":false},"author":2,"featured_media":200678,"comment_status":"","ping_status":"","sticky":false,"template":"","format":"standard","meta":{"footnotes":""},"categories":[2],"tags":[259,11,260,34008,1011,27,14,3019,664,261,12,262,25],"class_list":{"0":"post-200677","1":"post","2":"type-post","3":"status-publish","4":"format-standard","5":"has-post-thumbnail","7":"category-actualites","8":"tag-actualite-internationale","9":"tag-actualites","10":"tag-affaires-etrangeres","11":"tag-bernard-henri-levy","12":"tag-fr","13":"tag-france","14":"tag-international","15":"tag-iran","16":"tag-israel","17":"tag-ministere-des-affaires-etrangeres","18":"tag-news","19":"tag-politique-etrangere","20":"tag-republique-francaise"},"share_on_mastodon":{"url":"","error":""},"_links":{"self":[{"href":"https:\/\/www.europesays.com\/fr\/wp-json\/wp\/v2\/posts\/200677","targetHints":{"allow":["GET"]}}],"collection":[{"href":"https:\/\/www.europesays.com\/fr\/wp-json\/wp\/v2\/posts"}],"about":[{"href":"https:\/\/www.europesays.com\/fr\/wp-json\/wp\/v2\/types\/post"}],"author":[{"embeddable":true,"href":"https:\/\/www.europesays.com\/fr\/wp-json\/wp\/v2\/users\/2"}],"replies":[{"embeddable":true,"href":"https:\/\/www.europesays.com\/fr\/wp-json\/wp\/v2\/comments?post=200677"}],"version-history":[{"count":0,"href":"https:\/\/www.europesays.com\/fr\/wp-json\/wp\/v2\/posts\/200677\/revisions"}],"wp:featuredmedia":[{"embeddable":true,"href":"https:\/\/www.europesays.com\/fr\/wp-json\/wp\/v2\/media\/200678"}],"wp:attachment":[{"href":"https:\/\/www.europesays.com\/fr\/wp-json\/wp\/v2\/media?parent=200677"}],"wp:term":[{"taxonomy":"category","embeddable":true,"href":"https:\/\/www.europesays.com\/fr\/wp-json\/wp\/v2\/categories?post=200677"},{"taxonomy":"post_tag","embeddable":true,"href":"https:\/\/www.europesays.com\/fr\/wp-json\/wp\/v2\/tags?post=200677"}],"curies":[{"name":"wp","href":"https:\/\/api.w.org\/{rel}","templated":true}]}}