{"id":200688,"date":"2025-06-24T12:22:11","date_gmt":"2025-06-24T12:22:11","guid":{"rendered":"https:\/\/www.europesays.com\/fr\/200688\/"},"modified":"2025-06-24T12:22:11","modified_gmt":"2025-06-24T12:22:11","slug":"aleix-espargaro-va-remplacer-luca-marini-au-gp-des-pays-bas","status":"publish","type":"post","link":"https:\/\/www.europesays.com\/fr\/200688\/","title":{"rendered":"Aleix Espargar\u00f3 va remplacer Luca Marini au GP des Pays-Bas"},"content":{"rendered":"<p>Honda fait tourner ses pilotes en attendant le retour de <a href=\"https:\/\/fr.motorsport.com\/driver\/luca-marini\/201098\/\" target=\"_blank\" rel=\"noopener\">Luca Marini<\/a>. <a href=\"https:\/\/fr.motorsport.com\/driver\/joan-mir\/289392\/\" target=\"_blank\" rel=\"noopener\">Joan Mir<\/a> \u00e9tait le seul engag\u00e9 par l&rsquo;\u00e9quipe officielle au GP d&rsquo;Arag\u00f3n, et <a href=\"https:\/\/fr.motorsport.com\/driver\/takaaki-nakagami\/109418\/\" target=\"_blank\" rel=\"noopener\">Takaaki Nakagami<\/a>, devenu pilote d&rsquo;essais de la marque cette ann\u00e9e, l&rsquo;a rejoint pour le Mugello. Ce week-end \u00e0 Assen, c&rsquo;est <a href=\"https:\/\/fr.motorsport.com\/driver\/aleix-espargaro\/90382\/\" target=\"_blank\" rel=\"noopener\">Aleix Espargar\u00f3<\/a> qui sera align\u00e9.<\/p>\n<p>L&rsquo;Espagnol a lui aussi endoss\u00e9 un r\u00f4le de pilote d&rsquo;essais pour Honda cette saison, ce qui l&rsquo;a men\u00e9 \u00e0 d\u00e9j\u00e0 deux participations en wild-card, \u00e0 Jerez puis \u00e0 Silverstone. Il a pris la 17e place sur ses terres et a abandonn\u00e9 en Grande-Bretagne, \u00e0 la suite d&rsquo;un accrochage avec <a href=\"https:\/\/fr.motorsport.com\/driver\/franco-morbidelli\/109417\/\" target=\"_blank\" rel=\"noopener\">Franco Morbidelli<\/a>. Ce week-end, Espargar\u00f3 portera pour la premi\u00e8re fois les couleurs de l&rsquo;\u00e9quipe officielle.<\/p>\n<p>Pendant ce temps, Marini avance dans sa convalescence et a rendu visite \u00e0 l&rsquo;\u00e9quipe Honda pendant le week-end du Mugello. L&rsquo;Italien s&rsquo;est bless\u00e9 il y a pr\u00e8s d&rsquo;un mois lors d&rsquo;un test en vue des 8 Heures de Suzuka. La liste des blessures \u00e9tait longue\u00a0: luxation de la hanche gauche, l\u00e9sions ligamentaires au genou gauche, fractures au sternum et \u00e0 la clavicule gauche, et pneumothorax du c\u00f4t\u00e9 droit.<\/p>\n<p>Lire aussi :<\/p>\n<p>Honda devrait organiser un test avant son retour, le r\u00e8glement ayant \u00e9volu\u00e9 pour permettre aux pilotes bless\u00e9s de monter sur une MotoGP pour tester leur condition. Luca Marini vise ensuite un retour au GP d&rsquo;Allemagne, le 13 juillet prochain.<\/p>\n<p>Bradl va rouler au Balaton Park<\/p>\n<p>Pendant qu&rsquo;Aleix Espargar\u00f3 prendra part au GP des Pays-Bas, l&rsquo;\u00e9quipe d&rsquo;essais de Honda sera \u00e9galement au travail sur le Balaton Park ce week-end, sur le circuit qui sera le th\u00e9\u00e2tre du GP de Hongrie \u00e0 la fin du mois d&rsquo;ao\u00fbt.<\/p>\n<p><a href=\"https:\/\/fr.motorsport.com\/driver\/stefan-bradl\/88379\/\" target=\"_blank\" rel=\"noopener\">Stefan Bradl<\/a>, rest\u00e9 pilote d&rsquo;essais cette ann\u00e9e malgr\u00e9 les arriv\u00e9es d&rsquo;Espargar\u00f3 et Nakagami, sera en piste pour le compte de Michelin, qui souhaite \u00e9tudier les exigences de ce trac\u00e9. Un nouveau test sera au programme \u00e0 la fin du mois de juillet avec d&rsquo;autres marques, dont Aprilia.<\/p>\n<p>Lire aussi :<\/p>\n<p>Dans cet article<\/p>\n<p>    Germ\u00e1n Garcia Casanova\n<\/p>\n<p>    MotoGP\n<\/p>\n<p>    Aleix Espargar\u00f3\n<\/p>\n<p>    Honda HRC\n<\/p>\n<p>Soyez le premier inform\u00e9 et souscrivez aux alertes mails pour recevoir les infos en temps r\u00e9el<\/p>\n<p>    S&rsquo;abonner aux alertes de news<\/p>\n","protected":false},"excerpt":{"rendered":"Honda fait tourner ses pilotes en attendant le retour de Luca Marini. Joan Mir \u00e9tait le seul engag\u00e9&hellip;\n","protected":false},"author":2,"featured_media":200689,"comment_status":"","ping_status":"","sticky":false,"template":"","format":"standard","meta":{"footnotes":""},"categories":[1413],"tags":[16819,33819,1011,27,33818,3345,1457,1456,1458,60],"class_list":{"0":"post-200688","1":"post","2":"type-post","3":"status-publish","4":"format-standard","5":"has-post-thumbnail","7":"category-moto","8":"tag-aleix-espargaru00f3","9":"tag-assen","10":"tag-fr","11":"tag-france","12":"tag-gp-des-pays-bas","13":"tag-honda-hrc","14":"tag-moto","15":"tag-motocycle","16":"tag-motogp","17":"tag-sports"},"share_on_mastodon":{"url":"","error":""},"_links":{"self":[{"href":"https:\/\/www.europesays.com\/fr\/wp-json\/wp\/v2\/posts\/200688","targetHints":{"allow":["GET"]}}],"collection":[{"href":"https:\/\/www.europesays.com\/fr\/wp-json\/wp\/v2\/posts"}],"about":[{"href":"https:\/\/www.europesays.com\/fr\/wp-json\/wp\/v2\/types\/post"}],"author":[{"embeddable":true,"href":"https:\/\/www.europesays.com\/fr\/wp-json\/wp\/v2\/users\/2"}],"replies":[{"embeddable":true,"href":"https:\/\/www.europesays.com\/fr\/wp-json\/wp\/v2\/comments?post=200688"}],"version-history":[{"count":0,"href":"https:\/\/www.europesays.com\/fr\/wp-json\/wp\/v2\/posts\/200688\/revisions"}],"wp:featuredmedia":[{"embeddable":true,"href":"https:\/\/www.europesays.com\/fr\/wp-json\/wp\/v2\/media\/200689"}],"wp:attachment":[{"href":"https:\/\/www.europesays.com\/fr\/wp-json\/wp\/v2\/media?parent=200688"}],"wp:term":[{"taxonomy":"category","embeddable":true,"href":"https:\/\/www.europesays.com\/fr\/wp-json\/wp\/v2\/categories?post=200688"},{"taxonomy":"post_tag","embeddable":true,"href":"https:\/\/www.europesays.com\/fr\/wp-json\/wp\/v2\/tags?post=200688"}],"curies":[{"name":"wp","href":"https:\/\/api.w.org\/{rel}","templated":true}]}}