{"id":200692,"date":"2025-06-24T12:24:11","date_gmt":"2025-06-24T12:24:11","guid":{"rendered":"https:\/\/www.europesays.com\/fr\/200692\/"},"modified":"2025-06-24T12:24:11","modified_gmt":"2025-06-24T12:24:11","slug":"cyclisme-lance-armstrong-implique-dans-une-equipe-qui-vise-le-tour-de-france","status":"publish","type":"post","link":"https:\/\/www.europesays.com\/fr\/200692\/","title":{"rendered":"Cyclisme. Lance Armstrong impliqu\u00e9 dans une \u00e9quipe qui vise le Tour de France ?"},"content":{"rendered":"<p>Ancien lieutenant de Lance Armstrong pendant ses ann\u00e9es de domination sur le Tour de France de 1999 \u00e0 2005, avant que l&rsquo;Am\u00e9ricain ne perde ses titres pour dopage, George Hincapie pourrait bient\u00f4t faire son retour dans le peloton\u00a0!<\/p>\n<p>Retrait\u00e9 depuis 2012, il a annonc\u00e9 la cr\u00e9ation l&rsquo;ann\u00e9e prochaine d&rsquo;une \u00e9quipe de niveau ProTeam (la deuxi\u00e8me division mondiale) sous le nom de\u00a0\u00a0\u201cModern Adventure Pro Cycling\u201d, celui d&rsquo;une agence de voyage qui sera le sponsor principal.<\/p>\n<p>Le Tour de France d&rsquo;ici cinq ans<\/p>\n<p>Son grand ami Lance Armstrong sera-t-il impliqu\u00e9 dans cette aventure qui vise une participation au Tour de France\u00a0\u00ab\u00a0au plus tard dans cinq ans\u00a0\u00bb, comme l&rsquo;a expliqu\u00e9 Hincapie a <a href=\"https:\/\/www.cyclingweekly.com\/news\/we-hope-to-be-americas-dream-team-george-hincapie-launches-us-team-with-eyes-on-tour-de-france\" target=\"_self\" rel=\"nofollow noopener\">CyclingWeekly<\/a>\u00a0?<\/p>\n<p>La r\u00e9ponse est non : \u00ab Il n\u2019est pas impliqu\u00e9 de quelconque fa\u00e7on dans l\u2019organisation de la structure.\u00a0Je m\u2019appuierai sur lui pour des conseils de temps en temps.\u00a0\u00bb<\/p>\n<p>Rappelons que Lance Armstrong est suspendu \u00e0 vie de toute activit\u00e9 dans l&rsquo;univers du cyclisme depuis ses aveux de dopage en 2012.<\/p>\n","protected":false},"excerpt":{"rendered":"Ancien lieutenant de Lance Armstrong pendant ses ann\u00e9es de domination sur le Tour de France de 1999 \u00e0&hellip;\n","protected":false},"author":2,"featured_media":200693,"comment_status":"","ping_status":"","sticky":false,"template":"","format":"standard","meta":{"footnotes":""},"categories":[1411],"tags":[1154,207,107,1701,1011,27,329,517,1947,60,210],"class_list":{"0":"post-200692","1":"post","2":"type-post","3":"status-publish","4":"format-standard","5":"has-post-thumbnail","7":"category-cyclisme","8":"tag-cycling","9":"tag-cyclisme","10":"tag-fil-info","11":"tag-fil-info-sport","12":"tag-fr","13":"tag-france","14":"tag-france-monde","15":"tag-sport","16":"tag-sport-national","17":"tag-sports","18":"tag-tour-de-france"},"share_on_mastodon":{"url":"","error":""},"_links":{"self":[{"href":"https:\/\/www.europesays.com\/fr\/wp-json\/wp\/v2\/posts\/200692","targetHints":{"allow":["GET"]}}],"collection":[{"href":"https:\/\/www.europesays.com\/fr\/wp-json\/wp\/v2\/posts"}],"about":[{"href":"https:\/\/www.europesays.com\/fr\/wp-json\/wp\/v2\/types\/post"}],"author":[{"embeddable":true,"href":"https:\/\/www.europesays.com\/fr\/wp-json\/wp\/v2\/users\/2"}],"replies":[{"embeddable":true,"href":"https:\/\/www.europesays.com\/fr\/wp-json\/wp\/v2\/comments?post=200692"}],"version-history":[{"count":0,"href":"https:\/\/www.europesays.com\/fr\/wp-json\/wp\/v2\/posts\/200692\/revisions"}],"wp:featuredmedia":[{"embeddable":true,"href":"https:\/\/www.europesays.com\/fr\/wp-json\/wp\/v2\/media\/200693"}],"wp:attachment":[{"href":"https:\/\/www.europesays.com\/fr\/wp-json\/wp\/v2\/media?parent=200692"}],"wp:term":[{"taxonomy":"category","embeddable":true,"href":"https:\/\/www.europesays.com\/fr\/wp-json\/wp\/v2\/categories?post=200692"},{"taxonomy":"post_tag","embeddable":true,"href":"https:\/\/www.europesays.com\/fr\/wp-json\/wp\/v2\/tags?post=200692"}],"curies":[{"name":"wp","href":"https:\/\/api.w.org\/{rel}","templated":true}]}}