{"id":200694,"date":"2025-06-24T12:25:09","date_gmt":"2025-06-24T12:25:09","guid":{"rendered":"https:\/\/www.europesays.com\/fr\/200694\/"},"modified":"2025-06-24T12:25:09","modified_gmt":"2025-06-24T12:25:09","slug":"cdm-des-clubs-le-psg-impatient-daffronter-lionel-messi","status":"publish","type":"post","link":"https:\/\/www.europesays.com\/fr\/200694\/","title":{"rendered":"CdM des Clubs &#8211; Le PSG impatient d&rsquo;affronter Lionel Messi"},"content":{"rendered":"<p><img width=\"700\" height=\"350\" src=\"https:\/\/www.europesays.com\/fr\/wp-content\/uploads\/2025\/06\/Messi-Inter-Miami.jpg\" class=\"attachment-jannah-image-post size-jannah-image-post wp-post-image\" alt=\"Messi inter miami\" is_main_img=\"1\" decoding=\"async\" fetchpriority=\"high\"  \/><br \/>\n Image : Sam<br \/>\nNavarro\/Usa today sports via reuters con<\/p>\n<p>Pour son huiti\u00e8me de finale de Coupe du monde des clubs, le<br \/>\nPSG va affronter l\u2019Inter Miami de Lionel Messi. Des retrouvailles<br \/>\nattendues entre l\u2019Argentin et le club parisien.<\/p>\n<p>Victorieux des <strong>Seattle Sounders<\/strong> (2-0), le<br \/>\n<strong>PSG<\/strong> a valid\u00e9 sa qualification pour les huiti\u00e8mes<br \/>\nde finale de la <strong>Coupe du monde des clubs<\/strong>. Pour la<br \/>\nsuite de la comp\u00e9tition, les Rouge &amp; Bleu seront oppos\u00e9s \u00e0<br \/>\n<strong>l\u2019Inter Miami<\/strong> le dimanche 29 juin (18h en France).<br \/>\nUne rencontre qui aura une saveur particuli\u00e8re. Apr\u00e8s deux ann\u00e9es<br \/>\ndifficiles \u00e0 <strong>Paris<\/strong> (2021-2023), <strong><a href=\"https:\/\/canal-supporters.com\/messi-jai-vecu-deux-annees-que-je-nai-pas-appreciees\/\" title=\"\" rel=\"nofollow noopener\" target=\"_blank\">Lionel Messi<\/a><\/strong> retrouvera son ancienne<br \/>\nformation.<\/p>\n<p>\u00ab\u00a0Sur<br \/>\nle terrain, il n\u2019y a pas d\u2019amis\u00a0\u00bb<\/p>\n<p>Et apr\u00e8s le coup de sifflet final, les Parisiens ont d\u00e9j\u00e0 lanc\u00e9<br \/>\nce huiti\u00e8me de finale face \u00e0 la formation de <strong>MLS<\/strong>.<br \/>\nCo\u00e9quipier de l\u2019Argentin durant son passage \u00e0<br \/>\n<strong>Paris<\/strong>, <strong>Gianluigi Donnarumma<\/strong> a<br \/>\nh\u00e2te de retrouver le champion du Monde 2022, comme il l\u2019a d\u00e9clar\u00e9<br \/>\nen apr\u00e8s-match au micro de <strong>DAZN<\/strong> :<br \/>\n\u00ab\u00a0<strong>Messi<\/strong>, c\u2019est fantastique pour nous,<br \/>\npour moi. J\u2019ai pass\u00e9 deux ans ici avec lui, le plus grand joueur du<br \/>\nmonde. Mais j\u2019esp\u00e8re que l\u2019on va gagner. Lui a d\u00e9j\u00e0 gagn\u00e9 beaucoup<br \/>\nde titres. On esp\u00e8re aller au bout.\u00a0\u00bb De son c\u00f4t\u00e9,<br \/>\n<strong><a href=\"https:\/\/canal-supporters.com\/hakimi-on-doit-continuer-a-travailler-et-bien-recuperer-pour-la-suite\/\" rel=\"nofollow noopener\" target=\"_blank\"><br \/>\nAchraf Hakimi<\/a><\/strong> n\u2019a pas l\u2019intention de faire de cadeau \u00e0<br \/>\nl\u2019octuple <strong>Ballon d\u2019Or<\/strong> : \u00ab\u00a0Oui, \u00e7a ferait<br \/>\nplaisir de rencontrer <strong>Messi<\/strong>, j\u2019ai jou\u00e9 deux ans<br \/>\navec lui au <strong>PSG<\/strong> et on a pass\u00e9 de bons moments.<br \/>\nApr\u00e8s sur le terrain, il n\u2019y a pas d\u2019amis, lui voudra gagner et<br \/>\nnous aussi.\u00a0\u00bb<\/p>\n<p>Dans la foul\u00e9e de la victoire face \u00e0 <strong>Seattle<\/strong>,<br \/>\nles Parisiens ont d\u00e9cid\u00e9 de prendre rapidement la direction<br \/>\nd\u2019<strong>Atlanta<\/strong> apr\u00e8s un d\u00e9jeuner \u00e0 leur h\u00f4tel.<br \/>\n\u00ab\u00a0Dans le vol, certains ont suivi le match entre<br \/>\n<strong>l\u2019Inter Miami<\/strong> et <strong>Palmeiras<\/strong> (2-2)<br \/>\nsur les \u00e9crans. Et la perspective de croiser de nouveau la route de<br \/>\nl\u2019octuple <strong>Ballon d\u2019or<\/strong> r\u00e9jouissait plut\u00f4t les<br \/>\njoueurs parisiens apr\u00e8s leur victoire contre<br \/>\n<strong>Seattle<\/strong> (2-0), alors qu\u2019ils ignoraient encore le<br \/>\nnom de leur futur adversaire au moment de d\u00e9coller\u00a0\u00bb,<br \/>\nrapporte <strong><a href=\"https:\/\/rmcsport.bfmtv.com\/football\/mondial-des-clubs\/coupe-du-monde-des-clubs-les-joueurs-du-psg-ont-appris-les-retrouvailles-avec-lionel-messi-dans-l-avion-et-ils-s-en-rejouissent_AV-202506240110.html\" target=\"_blank\" rel=\"noopener nofollow\" title=\"\">RMC<\/a><\/strong>. En<br \/>\nterminant premier de son groupe, le <strong>PSG<\/strong> aura cinq<br \/>\njours pour pr\u00e9parer ce huiti\u00e8me de finale face \u00e0 <strong>l\u2019Inter<br \/>\nMiami<\/strong>.<\/p>\n<\/p>\n<p>Youtube :<br \/>\n<strong><a href=\"https:\/\/www.youtube.com\/@CanalSupportersParis\" target=\"_blank\" rel=\"noopener nofollow\" title=\"\">Canal Supporters<br \/>\nParis<\/a><\/strong><\/p>\n","protected":false},"excerpt":{"rendered":"Image : Sam Navarro\/Usa today sports via reuters con Pour son huiti\u00e8me de finale de Coupe du monde&hellip;\n","protected":false},"author":2,"featured_media":200695,"comment_status":"","ping_status":"","sticky":false,"template":"","format":"standard","meta":{"footnotes":""},"categories":[1410],"tags":[14568,81,7151,787,15186,63,1011,27,10528,34011,16747,34012,91,92,93,34013,60,96],"class_list":{"0":"post-200694","1":"post","2":"type-post","3":"status-publish","4":"format-standard","5":"has-post-thumbnail","7":"category-football","8":"tag-achraf-hakimi","9":"tag-canal-supporters","10":"tag-coupe-du-monde-des-clubs","11":"tag-cs","12":"tag-donnarumma-psg","13":"tag-football","14":"tag-fr","15":"tag-france","16":"tag-gianluigi-donnarumma","17":"tag-hakimi-psg","18":"tag-lionel-messi","19":"tag-messi-psg","20":"tag-paris-saint-germain","21":"tag-paris-sg","22":"tag-psg","23":"tag-psg-inter-miami","24":"tag-sports","25":"tag-une"},"share_on_mastodon":{"url":"","error":""},"_links":{"self":[{"href":"https:\/\/www.europesays.com\/fr\/wp-json\/wp\/v2\/posts\/200694","targetHints":{"allow":["GET"]}}],"collection":[{"href":"https:\/\/www.europesays.com\/fr\/wp-json\/wp\/v2\/posts"}],"about":[{"href":"https:\/\/www.europesays.com\/fr\/wp-json\/wp\/v2\/types\/post"}],"author":[{"embeddable":true,"href":"https:\/\/www.europesays.com\/fr\/wp-json\/wp\/v2\/users\/2"}],"replies":[{"embeddable":true,"href":"https:\/\/www.europesays.com\/fr\/wp-json\/wp\/v2\/comments?post=200694"}],"version-history":[{"count":0,"href":"https:\/\/www.europesays.com\/fr\/wp-json\/wp\/v2\/posts\/200694\/revisions"}],"wp:featuredmedia":[{"embeddable":true,"href":"https:\/\/www.europesays.com\/fr\/wp-json\/wp\/v2\/media\/200695"}],"wp:attachment":[{"href":"https:\/\/www.europesays.com\/fr\/wp-json\/wp\/v2\/media?parent=200694"}],"wp:term":[{"taxonomy":"category","embeddable":true,"href":"https:\/\/www.europesays.com\/fr\/wp-json\/wp\/v2\/categories?post=200694"},{"taxonomy":"post_tag","embeddable":true,"href":"https:\/\/www.europesays.com\/fr\/wp-json\/wp\/v2\/tags?post=200694"}],"curies":[{"name":"wp","href":"https:\/\/api.w.org\/{rel}","templated":true}]}}