{"id":200698,"date":"2025-06-24T12:27:18","date_gmt":"2025-06-24T12:27:18","guid":{"rendered":"https:\/\/www.europesays.com\/fr\/200698\/"},"modified":"2025-06-24T12:27:18","modified_gmt":"2025-06-24T12:27:18","slug":"derniere-ligne-droite-avant-louverture-du-5e-parcours-photographique-du-haut-lignon-6x6-ici-au-loin","status":"publish","type":"post","link":"https:\/\/www.europesays.com\/fr\/200698\/","title":{"rendered":"Derni\u00e8re ligne droite avant l&rsquo;ouverture du 5e parcours photographique du Haut-Lignon \u00ab 6&#215;6 Ici au loin \u00bb"},"content":{"rendered":"<p>\t\t\t\t\t\t\t\t\t\t\t\t\t\t\t\t\t\t\t\t\t\t\t\t\t\t\t\t\t\t\t\t\t\t\t\t\t\t\t\t\t\t\t\t\t\t\t\t\t\t\t\t\t\t\t\t\t\t\t\t\t\t\t<a href=\"https:\/\/www.lacommere43.fr\/component\/banners\/click\/1786.html\" target=\"_blank\" title=\"Village auto juin 2025\" rel=\"nofollow noopener\"><br \/>\n\t\t\t\t\t\t\t<img decoding=\"async\" src=\"https:\/\/www.europesays.com\/fr\/wp-content\/uploads\/2025\/06\/1750768036_354_La_Commre_43_Pav__H600_x_L600_px_AUTO.jpg\" alt=\"Village auto juin 2025\"\/><br \/>\n\t\t\t\t\t\t<\/a><\/p>\n<p>\t\t\t\t\t\t\t\t\t\t\t\t\t\t\t\t\t\t\t\t\t\t\t\t\t\t\t\t\t\t\t\t\t\t\t\t\t\t\t\t\t\t\t\t\t\t<img decoding=\"async\" src=\"https:\/\/www.europesays.com\/fr\/wp-content\/uploads\/2025\/06\/rural2025-4.gif\" alt=\"Tence Rural Master juin 2025\"\/><\/p>\n<p><strong>Les six expositions sont en pr\u00e9paration dans les villages de la communaut\u00e9 de communes du Haut-Lignon autour d&rsquo;un certain \u00eatre au monde propre au Plateau et une mise en perspective avec d&rsquo;autres destinations lointaines qui ne sont pas sans similitudes avec notre r\u00e9alit\u00e9 altiligerienne. A voir du 27 juin au 24 ao\u00fbt dans les six villages.<\/strong><\/p>\n<p>Le vernissage de tiendra vendredi 27 juin \u00e0 18 h 30 au Mas-de-Tence sur l&rsquo;esplanade qui accueille les photos de B\u00e9atrice Ropers, Fran\u00e7oise Fournier et Dominique Berta. C&rsquo;est une galerie haute en couleurs des objets qui peuplent les fermes qui est propos\u00e9e par l&rsquo;\u00e9quipe de photographes du territoire. Il est ouvert \u00e0 tous et toutes.<\/p>\n<p>\u00a0<\/p>\n<p><strong>Paysannes\u00a0<\/strong><\/p>\n<p>A Tence, l&rsquo;exposition \u00e9ponyme de Alexis Vettoretti sera present\u00e9e au 1er \u00e9tage de la librairie La Bo\u00eete \u00e0 soleils. Le photographe sera pr\u00e9sent ce week-end notamment pour une rencontre-d\u00e9dicace le samedi 28 \u00e0 11 heures.<\/p>\n<p>\u00a0<\/p>\n<p><strong>Ozarks\u00a0<\/strong><\/p>\n<p>Le jardin botanique au Mazet-Saint-Voy accueille une s\u00e9rie de Lucian Perkins, photojournaliste am\u00e9ricain, qui a re\u00e7u \u00e0 2 reprises le prix Pulitzer, sur les habitants de la r\u00e9gion des Ozarks aux \u00c9tats-Unis. L&rsquo;artiste sera pr\u00e9sent au vernissage vendredi et pour une rencontre et visite guid\u00e9e de son exposition le samedi 28 juin \u00e0 18 heures.<\/p>\n<p>\u00a0<\/p>\n<p><strong>Les m\u00e9diath\u00e8ques en vedette \u00e0 Chenereilles\u00a0<\/strong><\/p>\n<p>L&rsquo;ancienne mairie de Chenereilles accueille cette ann\u00e9e une s\u00e9rie de photos r\u00e9alis\u00e9es par Luc Chazot il y a une quinzaine d&rsquo;ann\u00e9es. Le photographe proposera \u00e9galement une s\u00e9rie singuli\u00e8re, \u00ab\u00a0Face \u00e0 face\u00a0\u00bb \u00e0 l&rsquo;EAC des Roches. Il sera pr\u00e9sent le dimanche 29 juin \u00e0 14h pour parler de son travail pr\u00e9sent\u00e9 dans le jardin de l&rsquo;espace d&rsquo;art au Chambon.<\/p>\n<p>\u00a0<\/p>\n<p><strong>Jean-Marc Vidal voit double \u00e0 Saint-Jeures\u00a0<\/strong><\/p>\n<p>Les randonneurs sont \u00e0 l&rsquo;honneur dans la grange de la rue du Sabotier pour quelques semaines. Dans les rues du village, d&rsquo;autres personnes et paysages sont propos\u00e9s.<\/p>\n<p>G\u00e9rard Rondeau dont l&rsquo;\u0153uvre avait ouvert le premier parcours photographique est de nouveau \u00e0 l&rsquo;honneur avec quatre photos in\u00e9dites present\u00e9es sur le parvis de la mairie de Saint-Jeures.<\/p>\n<p>Autour des expositions, il y a une vingtaine de rendez-vous culturels dont le concert de le 5 juillet \u00e0 20 h 30 au Calibert \u00e0 retrouver sur <a href=\"https:\/\/www.6x6photos-hautlignon.fr\" target=\"_blank\" rel=\"noopener nofollow\">www.6x6photos-hautlignon.fr<\/a>\u00a0<\/p>\n<p>\u00a0<\/p>\n<p><a href=\"https:\/\/www.lacommere43.fr\/images\/DepliantA3-6x6-2025-iciauloin-web.pdf\" target=\"_blank\" rel=\"nofollow noopener\">T\u00e9l\u00e9chargez le guide<\/a><\/p>\n","protected":false},"excerpt":{"rendered":"Les six expositions sont en pr\u00e9paration dans les villages de la communaut\u00e9 de communes du Haut-Lignon autour d&rsquo;un&hellip;\n","protected":false},"author":2,"featured_media":200699,"comment_status":"","ping_status":"","sticky":false,"template":"","format":"standard","meta":{"footnotes":""},"categories":[1358],"tags":[2281,1348,1384,1385,1386,58,59,2282,1011,27,2280,2284,2285,2283],"class_list":{"0":"post-200698","1":"post","2":"type-post","3":"status-publish","4":"format-standard","5":"has-post-thumbnail","7":"category-arts-et-design","8":"tag-actualite-43","9":"tag-arts","10":"tag-arts-and-design","11":"tag-arts-et-design","12":"tag-design","13":"tag-divertissement","14":"tag-entertainment","15":"tag-faits-divers-auvergne","16":"tag-fr","17":"tag-france","18":"tag-information-haute-loire","19":"tag-infos-43","20":"tag-journal-haute-loire","21":"tag-la-commere-43"},"share_on_mastodon":{"url":"","error":""},"_links":{"self":[{"href":"https:\/\/www.europesays.com\/fr\/wp-json\/wp\/v2\/posts\/200698","targetHints":{"allow":["GET"]}}],"collection":[{"href":"https:\/\/www.europesays.com\/fr\/wp-json\/wp\/v2\/posts"}],"about":[{"href":"https:\/\/www.europesays.com\/fr\/wp-json\/wp\/v2\/types\/post"}],"author":[{"embeddable":true,"href":"https:\/\/www.europesays.com\/fr\/wp-json\/wp\/v2\/users\/2"}],"replies":[{"embeddable":true,"href":"https:\/\/www.europesays.com\/fr\/wp-json\/wp\/v2\/comments?post=200698"}],"version-history":[{"count":0,"href":"https:\/\/www.europesays.com\/fr\/wp-json\/wp\/v2\/posts\/200698\/revisions"}],"wp:featuredmedia":[{"embeddable":true,"href":"https:\/\/www.europesays.com\/fr\/wp-json\/wp\/v2\/media\/200699"}],"wp:attachment":[{"href":"https:\/\/www.europesays.com\/fr\/wp-json\/wp\/v2\/media?parent=200698"}],"wp:term":[{"taxonomy":"category","embeddable":true,"href":"https:\/\/www.europesays.com\/fr\/wp-json\/wp\/v2\/categories?post=200698"},{"taxonomy":"post_tag","embeddable":true,"href":"https:\/\/www.europesays.com\/fr\/wp-json\/wp\/v2\/tags?post=200698"}],"curies":[{"name":"wp","href":"https:\/\/api.w.org\/{rel}","templated":true}]}}