{"id":20074,"date":"2025-04-12T16:22:13","date_gmt":"2025-04-12T16:22:13","guid":{"rendered":"https:\/\/www.europesays.com\/fr\/20074\/"},"modified":"2025-04-12T16:22:13","modified_gmt":"2025-04-12T16:22:13","slug":"le-versement-mobilite-regional-tend-les-patrons-locaux","status":"publish","type":"post","link":"https:\/\/www.europesays.com\/fr\/20074\/","title":{"rendered":"Le versement mobilit\u00e9 r\u00e9gional tend les patrons locaux"},"content":{"rendered":"<p>                    <img loading=\"lazy\" decoding=\"async\" src=\"https:\/\/www.europesays.com\/fr\/wp-content\/uploads\/2025\/04\/5cf17481690b4a56caadb26ddc2607.jpg\" class=\"img-responsive post-image\" width=\"680\" height=\"510\" alt=\"Le versement mobilit\u00e9 (\u2026)\" title=\"Le versement mobilit\u00e9 r\u00e9gional tend les patrons locaux\"\/><\/p>\n<p class=\"chapo\">\u00ab\u00a0Renaud Muselier n\u2019a pas pris officiellement position contre. Pour moi, il est pour. Il est peut-\u00eatre en r\u00e9flexion mais cette attente est insupportable pour le monde \u00e9conomique\u00a0\u00bb. C\u2019est un <strong>Pierre Ippolito <\/strong> \u00ab\u00a0assez remont\u00e9\u00a0\u00bb qui a pris la parole lors d\u2019une conf\u00e9rence de presse le 8 avril.<\/p>\n<p class=\"texte\">En cause,\u00a0pour le pr\u00e9sident de l\u2019UPE 06\u00a0:<strong> le projet d\u2019une nouvelle taxe, le versement mobilit\u00e9 r\u00e9gional (VMR),<\/strong> qui n\u2019a pas \u00e9t\u00e9 retenue par neuf r\u00e9gions fran\u00e7aises mais qui pourrait bien l\u2019\u00eatre ici. S\u2019il \u00e9tait appliqu\u00e9 (0,15\u00a0% de la masse salariale pour les entreprises de plus de 11 salari\u00e9s), cela repr\u00e9senterait 16 \u00e0 18 millions d\u2019euros dans les Alpes-Maritimes et 70 millions d\u2019euros au niveau r\u00e9gional. Pierre Ippolito ne comprend pas que sur un sujet aussi important, des repr\u00e9sentants de la CMPE Sud aient pu \u00ab\u00a0faire la politique de la chaise vide ou s\u2019abstenir\u00a0\u00bb lors d\u2019un comit\u00e9 des partenaires. M\u00eame si cette instance n\u2019est que consultative, \u00ab\u00a0il n\u2019y a pas d\u2019abstention dans le monde \u00e9conomique\u00a0: on est pour ou on est\u00a0contre\u00a0\u00bb, a-t-il martel\u00e9. Et il a appel\u00e9 \u00e0 la d\u00e9mission d\u2019<strong>Alain Gargani<\/strong>, pr\u00e9sident de la CPME Sud\u00a0et conseiller r\u00e9gional d\u00e9l\u00e9gu\u00e9 au num\u00e9rique et \u00e0 l\u2019innovation, en raison d\u2019un \u00ab\u00a0conflit d\u2019int\u00e9r\u00eat majeur\u00a0\u00bb. \u00ab\u00a0Malgr\u00e9 les pressions  (\u2026) et malgr\u00e9 des conflits d\u2019int\u00e9r\u00eat \u00e9vidents\u00a0\u00bb, le comit\u00e9 des partenaires a n\u00e9anmoins vot\u00e9 contre le VMR avec 14 voix contre, 11 pour et 5 abstentions, a indiqu\u00e9 M.\u00a0Ippolito.<\/p>\n<p>Le 9 avril, la CPME Sud a clarifi\u00e9 sa position dans un communiqu\u00e9\u00a0: \u00ab\u00a0\u00a0La CPME Sud r\u00e9affirme son opposition au versement mobilit\u00e9 r\u00e9gional et appelle \u00e0 un dialogue constructif\u00a0\u00bb. Joint au t\u00e9l\u00e9phone, <strong>Alain Gargani <\/strong> a \u00e9galement r\u00e9pondu aux accusations de conflit d\u2019int\u00e9r\u00eat\u00a0: \u00ab\u00a0Oui, j\u2019ai un mandat au conseil r\u00e9gional et je suis suivi par une d\u00e9ontologue qui, chaque fois qu\u2019il y a un conflit potentiel d\u2019int\u00e9r\u00eat, me demande de me d\u00e9porter.\u00a0\u00bb Pour M.\u00a0Gargani, c\u2019est le MEDEF Sud et les unions patronales qui porteront la responsabilit\u00e9 de la mise en place de cette nouvelle taxe, en raison de leur p\u00e9tition contre le VMR diffus\u00e9e le 14 f\u00e9vrier. \u00ab\u00a0\u00a0La r\u00e9gion s\u2019est braqu\u00e9e\u00a0\u00a0\u00bb, assure-t-il. Il est n\u00e9anmoins \u00ab\u00a0confiant\u00a0\u00bb quant \u00e0 la possibilit\u00e9 de ne pas voir le VMR appliqu\u00e9 dans la r\u00e9gion. Sur LinkedIn, Pierre Ippolito s\u2019est r\u00e9joui \u00ab\u00a0qu\u2019Alain Gargani ait enfin exprim\u00e9 sa position\u00a0\u00bb. Pour le pr\u00e9sident de l\u2019UPE 06 le message ne change pas\u00a0: \u00ab\u00a0 Non au VMR\u00a0!\u00a0\u00bb.<\/p>\n<p>Photo de une\u00a0: Pierre Ippolito pr\u00e9sident UPE06 \u00a9S.Guin\u00e9<\/p>\n","protected":false},"excerpt":{"rendered":"\u00ab\u00a0Renaud Muselier n\u2019a pas pris officiellement position contre. Pour moi, il est pour. Il est peut-\u00eatre en r\u00e9flexion&hellip;\n","protected":false},"author":2,"featured_media":20075,"comment_status":"","ping_status":"","sticky":false,"template":"","format":"standard","meta":{"footnotes":""},"categories":[2819],"tags":[1111,11,2408,1777,674,1011,27,12,2401,882,25],"class_list":{"0":"post-20074","1":"post","2":"type-post","3":"status-publish","4":"format-standard","5":"has-post-thumbnail","7":"category-nice","8":"tag-actu","9":"tag-actualites","10":"tag-appels-d","11":"tag-eu","12":"tag-europe","13":"tag-fr","14":"tag-france","15":"tag-news","16":"tag-nice","17":"tag-provence-alpes-cote-dazur","18":"tag-republique-francaise"},"share_on_mastodon":{"url":"https:\/\/pubeurope.com\/@fr\/114325916466711408","error":""},"_links":{"self":[{"href":"https:\/\/www.europesays.com\/fr\/wp-json\/wp\/v2\/posts\/20074","targetHints":{"allow":["GET"]}}],"collection":[{"href":"https:\/\/www.europesays.com\/fr\/wp-json\/wp\/v2\/posts"}],"about":[{"href":"https:\/\/www.europesays.com\/fr\/wp-json\/wp\/v2\/types\/post"}],"author":[{"embeddable":true,"href":"https:\/\/www.europesays.com\/fr\/wp-json\/wp\/v2\/users\/2"}],"replies":[{"embeddable":true,"href":"https:\/\/www.europesays.com\/fr\/wp-json\/wp\/v2\/comments?post=20074"}],"version-history":[{"count":0,"href":"https:\/\/www.europesays.com\/fr\/wp-json\/wp\/v2\/posts\/20074\/revisions"}],"wp:featuredmedia":[{"embeddable":true,"href":"https:\/\/www.europesays.com\/fr\/wp-json\/wp\/v2\/media\/20075"}],"wp:attachment":[{"href":"https:\/\/www.europesays.com\/fr\/wp-json\/wp\/v2\/media?parent=20074"}],"wp:term":[{"taxonomy":"category","embeddable":true,"href":"https:\/\/www.europesays.com\/fr\/wp-json\/wp\/v2\/categories?post=20074"},{"taxonomy":"post_tag","embeddable":true,"href":"https:\/\/www.europesays.com\/fr\/wp-json\/wp\/v2\/tags?post=20074"}],"curies":[{"name":"wp","href":"https:\/\/api.w.org\/{rel}","templated":true}]}}