{"id":200772,"date":"2025-06-24T13:06:18","date_gmt":"2025-06-24T13:06:18","guid":{"rendered":"https:\/\/www.europesays.com\/fr\/200772\/"},"modified":"2025-06-24T13:06:18","modified_gmt":"2025-06-24T13:06:18","slug":"un-seminaire-international-de-formation-engestion-portuaire-avec-la-cnuced","status":"publish","type":"post","link":"https:\/\/www.europesays.com\/fr\/200772\/","title":{"rendered":"Un s\u00e9minaire international de formation engestion portuaire avec la CNUCED"},"content":{"rendered":"<p>                    <img loading=\"lazy\" decoding=\"async\" src=\"https:\/\/www.europesays.com\/fr\/wp-content\/uploads\/2025\/06\/e8f593072dcd68e74af39fb607895f.jpg\" class=\"img-responsive post-image\" width=\"680\" height=\"510\" alt=\"Un s\u00e9minaire internationa\" title=\"Un s\u00e9minaire international de formation engestion portuaire avec la CNUCED\"\/><\/p>\n<p class=\"chapo\">Le port de Marseille Fos, en partenariat avec la Conf\u00e9rence des Nations Unies sur le Commerce et le D\u00e9veloppement (CNUCED), organisait du 10 au 20 juin 2025, un s\u00e9minaire de formation de formateurs dans le cadre du programme \u00ab\u00a0TrainForTrade\u00a0\u00bb.<\/p>\n<p>Cet \u00e9v\u00e9nement r\u00e9unira une trentaine de cadres sup\u00e9rieurs africains sp\u00e9cialis\u00e9s dans la gestion portuaire, venus renforcer leurs comp\u00e9tences pour mieux accompagner le d\u00e9veloppement de leurs communaut\u00e9s portuaires.<br class=\"texte\"\/><br \/>\nLa formation se d\u00e9roule en deux temps, avec une premi\u00e8re partie en ligne qui a \u00e9t\u00e9 organis\u00e9e en mai et une seconde en pr\u00e9sentiel \u00e0 Marseille, incluant des ateliers pratiques, des visites techniques (dont une visite du port de Marseille Fos et des installations de CMA CGM), et des \u00e9changes avec des experts internationaux. Elle est r\u00e9alis\u00e9e par l\u2019Institut de formation du port de Marseille Fos, qui forme chaque ann\u00e9e plusieurs centaines de professionnels et \u00e9tudiants gr\u00e2ce \u00e0 une p\u00e9dagogie alliant expertise technique, innovation et ancrage territorial.<\/p>\n<p>TrainForTrade<\/p>\n<p>Ce s\u00e9minaire s\u2019inscrit dans la lign\u00e9e des 26 ans d\u2019expertise du programme TrainForTrade, qui accompagne les ports partenaires dans leur modernisation et leur comp\u00e9titivit\u00e9. Les participants, s\u00e9lectionn\u00e9s pour leur expertise et leur engagement, deviendront \u00e0 leur tour des formateurs capables de diffuser ces connaissances dans leurs pays respectifs.<br class=\"autobr\"\/><br \/>\n<strong>Herv\u00e9 Martel<\/strong>, pr\u00e9sident du directoire du port de Marseille Fos, a d\u00e9clar\u00e9\u00a0: \u00ab\u00a0Accueillir cette formation aux c\u00f4t\u00e9s de la Conf\u00e9rence des Nations Unies sur le Commerce et le D\u00e9veloppement t\u00e9moigne de notre engagement en faveur de la coop\u00e9ration internationale et du d\u00e9veloppement durable. Les ports africains sont des partenaires essentiels, et nous sommes fiers de contribuer \u00e0 renforcer leurs comp\u00e9tences pour un commerce maritime plus efficace et responsable \u00a0\u00bb.<\/p>\n<p><strong>\u00c0 NOTER\u2026<\/strong><br class=\"autobr\"\/><br \/>\n Ce s\u00e9minaire propose de former les participants aux modules cl\u00e9s de la gestion portuaire moderne\u00a0:<br class=\"autobr\"\/><br \/>\nCommerce et transports internationaux\u00a0;<br class=\"autobr\"\/><br \/>\nOrganisation et fonctionnement des syst\u00e8mes portuaires\u00a0;<br class=\"autobr\"\/><br \/>\nD\u00e9fis des ports durables.<\/p>\n","protected":false},"excerpt":{"rendered":"Le port de Marseille Fos, en partenariat avec la Conf\u00e9rence des Nations Unies sur le Commerce et le&hellip;\n","protected":false},"author":2,"featured_media":200773,"comment_status":"","ping_status":"","sticky":false,"template":"","format":"standard","meta":{"footnotes":""},"categories":[2814],"tags":[1111,11,2408,1777,674,1011,27,884,12,882,25],"class_list":{"0":"post-200772","1":"post","2":"type-post","3":"status-publish","4":"format-standard","5":"has-post-thumbnail","7":"category-marseille","8":"tag-actu","9":"tag-actualites","10":"tag-appels-d","11":"tag-eu","12":"tag-europe","13":"tag-fr","14":"tag-france","15":"tag-marseille","16":"tag-news","17":"tag-provence-alpes-cote-dazur","18":"tag-republique-francaise"},"share_on_mastodon":{"url":"https:\/\/pubeurope.com\/@fr\/114738494417587456","error":""},"_links":{"self":[{"href":"https:\/\/www.europesays.com\/fr\/wp-json\/wp\/v2\/posts\/200772","targetHints":{"allow":["GET"]}}],"collection":[{"href":"https:\/\/www.europesays.com\/fr\/wp-json\/wp\/v2\/posts"}],"about":[{"href":"https:\/\/www.europesays.com\/fr\/wp-json\/wp\/v2\/types\/post"}],"author":[{"embeddable":true,"href":"https:\/\/www.europesays.com\/fr\/wp-json\/wp\/v2\/users\/2"}],"replies":[{"embeddable":true,"href":"https:\/\/www.europesays.com\/fr\/wp-json\/wp\/v2\/comments?post=200772"}],"version-history":[{"count":0,"href":"https:\/\/www.europesays.com\/fr\/wp-json\/wp\/v2\/posts\/200772\/revisions"}],"wp:featuredmedia":[{"embeddable":true,"href":"https:\/\/www.europesays.com\/fr\/wp-json\/wp\/v2\/media\/200773"}],"wp:attachment":[{"href":"https:\/\/www.europesays.com\/fr\/wp-json\/wp\/v2\/media?parent=200772"}],"wp:term":[{"taxonomy":"category","embeddable":true,"href":"https:\/\/www.europesays.com\/fr\/wp-json\/wp\/v2\/categories?post=200772"},{"taxonomy":"post_tag","embeddable":true,"href":"https:\/\/www.europesays.com\/fr\/wp-json\/wp\/v2\/tags?post=200772"}],"curies":[{"name":"wp","href":"https:\/\/api.w.org\/{rel}","templated":true}]}}