{"id":200777,"date":"2025-06-24T13:09:09","date_gmt":"2025-06-24T13:09:09","guid":{"rendered":"https:\/\/www.europesays.com\/fr\/200777\/"},"modified":"2025-06-24T13:09:09","modified_gmt":"2025-06-24T13:09:09","slug":"apres-paris-lyon-va-aussi-restreindre-les-locations-de-residence-principale-a-90-nuits-par-an","status":"publish","type":"post","link":"https:\/\/www.europesays.com\/fr\/200777\/","title":{"rendered":"apr\u00e8s Paris, Lyon va aussi restreindre les locations de r\u00e9sidence principale \u00e0 90 nuits par an"},"content":{"rendered":"<p>Une d\u00e9lib\u00e9ration adoss\u00e9e \u00e0 la loi Le Meur sera propos\u00e9e jeudi au vote de la majorit\u00e9 de gauche \u00e9cologiste, lors du conseil municipal, pour donner un nouveau coup de vis aux meubl\u00e9s de tourisme non d\u00e9clar\u00e9s dans la 3e ville de France<\/p>\n<p class=\"fig-paragraph\">\u00abPuisque nous en avons enfin la possibilit\u00e9 nous la prenons\u00bb. Une d\u00e9lib\u00e9ration adoss\u00e9e \u00e0 la\u00a0<a href=\"https:\/\/leparticulier.lefigaro.fr\/jcms\/c_113078\/placements-immobiliers\/locations-airbnb-6-nouvelles-contraintes-a-venir-pour-les-proprietaires-20241115\" target=\"_blank\" data-fig-type=\"Article\" rel=\"noopener nofollow\" data-gtm-custom-categorie=\"navigation\" data-gtm-custom-action=\"crossclick\" data-gtm-custom-label=\"Contextuel\" data-gtm-event=\"customEventSPE\" data-fig-domain=\"LEPARTICULIER\">loi Le Meur de novembre 2024<\/a>\u00a0va \u00eatre propos\u00e9e au vote ce jeudi \u00e0 Lyon, lors du conseil municipal, pour r\u00e9duire l\u2019autorisation de location de r\u00e9sidence principale de 120 \u00e0 90 nuit\u00e9es. Pr\u00e9sent\u00e9e par l\u2019\u00e9lue communiste Aline Guitard en conseil d\u2019arrondissement du 4e arrondissement, elle doit permettre de serrer encore un peu plus la vis contre \u00ables professionnels d\u2019Airbnb\u00bb non d\u00e9clar\u00e9s.<\/p>\n<p class=\"fig-paragraph\">\u00ab\u00c0 la base Airbnb est une tr\u00e8s jolie id\u00e9e, des gens qui loue un petit bout de leur appart ou la chambre de leur enfant et qui permettent ainsi de voyager \u00e0 des gens, jeunes souvent, qui n\u2019en ont pas les moyens, retrace au Figaro l\u2019\u00e9lue de la Croix-Rousse particuli\u00e8rement concern\u00e9e par la pratique. Mais aujourd\u2019hui il y a un d\u00e9voiement complet, avec des gens dont c\u2019est devenu le m\u00e9tier. Il y a m\u00eame des formations France travail.\u00bb Dans un contexte de tension fonci\u00e8re et de\u00a0<a href=\"http:\/\/www.lefigaro.fr\/lyon\/quel-que-soit-le-revenu-il-n-y-a-plus-logements-a-lyon-la-galere-des-locataires-20231109\" data-fig-type=\"Article\" data-gtm-custom-categorie=\"navigation\" data-gtm-custom-action=\"crossclick\" data-gtm-custom-label=\"Contextuel\" data-gtm-event=\"customEventSPE\" data-fig-domain=\"LEFIGARO\" rel=\"nofollow noopener\" target=\"_blank\">manque de logement<\/a>\u00a0particuli\u00e8rement pr\u00e9gnants \u00e0 Lyon, le ph\u00e9nom\u00e8ne Airbnb est accus\u00e9 de longue date de retirer des logements disponibles au parc locatif.<\/p>\n<p>Durcissement des conditions<\/p>\n<p class=\"fig-paragraph\">Une \u00e9tude de la m\u00e9tropole de Lyon datant de la mandature Collomb avait estim\u00e9 l\u2019offre Airbnb \u00e0 10% du parc dans certains quartiers de l\u2019hypercentre. Les \u00e9lus centristes d\u2019alors avaient entam\u00e9 un travail de resserrement des conditions, valid\u00e9 par certains professionnels de l\u2019immobilier, avec la mise en place d\u2019une proc\u00e9dure de d\u00e9claration des meubl\u00e9s tourisme. Ils avaient instaur\u00e9 un syst\u00e8me de compensation selon lequel les surfaces pass\u00e9es en meubl\u00e9s tourisme devaient \u00eatre compens\u00e9es par l\u2019ouverture proportionnelle \u00e0 la location traditionnelle.<\/p>\n<p class=\"fig-body-link\">\n            \u00c0 lire aussi<br \/>\n        <a class=\"fig-body-link__link\" href=\"http:\/\/www.lefigaro.fr\/lyon\/logements-sociaux-dans-le-rhone-quel-bilan-apres-la-reprise-en-main-par-la-prefecture-il-y-a-un-an-20241230\" data-fig-type=\"NewsFlash\" data-gtm-custom-categorie=\"navigation\" data-gtm-custom-action=\"crossclick\" data-gtm-custom-label=\"Contextuel\" data-gtm-event=\"customEventSPE\" data-fig-domain=\"LEFIGARO\" rel=\"nofollow noopener\" target=\"_blank\">Logements sociaux dans le Rh\u00f4ne\u00a0: quel bilan apr\u00e8s la reprise en main par la pr\u00e9fecture il y a un an\u00a0?<br \/>\n    <\/a>\n<\/p>\n<p class=\"fig-paragraph\">\u00c0 leur arriv\u00e9e au pouvoir en 2020, les \u00e9cologistes et leurs alli\u00e9s de gauche avaient durci ces conditions. En 2024 seuls trois nouveaux Airbnb avaient \u00e9t\u00e9 autoris\u00e9s en Presqu\u2019\u00eele, s\u2019\u00e9tait f\u00e9licit\u00e9e l\u2019adjointe au Logement Sophia Popoff qui pr\u00e9sentera la d\u00e9lib\u00e9ration au vote ce jeudi. \u00abOn ne parle pas des meubl\u00e9s officiels, qui ont fait leur compensation, eux ont fait le travail, pr\u00e9cise Aline Guitard. Mais l\u2019exp\u00e9rimentation de l\u2019interface API qui permet aux pouvoirs publics de compiler les nuit\u00e9es lou\u00e9es sur les diff\u00e9rentes plateformes a montr\u00e9 que quand on croise les donn\u00e9es Airbnb, Abritel et Booking ; un m\u00eame logement fait plus de 120 nuits par an\u00bb.<\/p>\n","protected":false},"excerpt":{"rendered":"Une d\u00e9lib\u00e9ration adoss\u00e9e \u00e0 la loi Le Meur sera propos\u00e9e jeudi au vote de la majorit\u00e9 de gauche&hellip;\n","protected":false},"author":2,"featured_media":200778,"comment_status":"","ping_status":"","sticky":false,"template":"","format":"standard","meta":{"footnotes":""},"categories":[1889],"tags":[1111,11,5273,7345,2430,5299,5272,5312,5296,5285,1777,674,5293,1011,27,5303,5311,1116,5301,5279,5275,5313,5276,5300,5302,5280,5298,5281,5306,5305,5308,5309,5284,5294,5297,5269,5271,5268,5270,5267,2428,5295,5307,5277,5304,5283,12,978,5274,25,2431,5314,5288,5292,5289,5291,5290,5315,5282,5286,5310,5287,5278],"class_list":{"0":"post-200777","1":"post","2":"type-post","3":"status-publish","4":"format-standard","5":"has-post-thumbnail","7":"category-lyon","8":"tag-actu","9":"tag-actualites","10":"tag-ainay","11":"tag-airbnb","12":"tag-auvergne-rhone-alpes","13":"tag-bellecombe","14":"tag-bellecour","15":"tag-champvert-nord","16":"tag-champvert-sud","17":"tag-clos-jouve","18":"tag-eu","19":"tag-europe","20":"tag-fourviere","21":"tag-fr","22":"tag-france","23":"tag-gerland","24":"tag-gorge-de-loup","25":"tag-immobilier","26":"tag-jean-mace","27":"tag-la-buire","28":"tag-la-confluence","29":"tag-la-duchere","30":"tag-la-guillotiere-nord-prefecture","31":"tag-la-guillotiere-sud","32":"tag-la-mouche","33":"tag-la-part-dieu","34":"tag-la-tete-dor","35":"tag-la-villette","36":"tag-laennec","37":"tag-le-bachut","38":"tag-le-grand-trou","39":"tag-le-moulin-a-vent","40":"tag-le-plateau-de-la-croix-rousse","41":"tag-le-point-du-jour","42":"tag-les-brotteaux","43":"tag-les-chartreux","44":"tag-les-cordeliers","45":"tag-les-pentes-de-la-croix-rousse","46":"tag-les-terreaux","47":"tag-les-traboules","48":"tag-lyon","49":"tag-menival","50":"tag-mermoz","51":"tag-moncey","52":"tag-monplaisir","53":"tag-montchat","54":"tag-news","55":"tag-olympique-lyonnais","56":"tag-perrache","57":"tag-republique-francaise","58":"tag-rhone-alpes","59":"tag-rochecardon-industrie","60":"tag-saint-georges","61":"tag-saint-irenee","62":"tag-saint-jean","63":"tag-saint-just","64":"tag-saint-paul","65":"tag-saint-rambert-lile-barbe","66":"tag-sans-souci-dauphine","67":"tag-serin-saint-charles","68":"tag-vaise","69":"tag-vieux-lyon","70":"tag-voltaire"},"share_on_mastodon":{"url":"","error":"Validation failed: Text character limit of 500 exceeded"},"_links":{"self":[{"href":"https:\/\/www.europesays.com\/fr\/wp-json\/wp\/v2\/posts\/200777","targetHints":{"allow":["GET"]}}],"collection":[{"href":"https:\/\/www.europesays.com\/fr\/wp-json\/wp\/v2\/posts"}],"about":[{"href":"https:\/\/www.europesays.com\/fr\/wp-json\/wp\/v2\/types\/post"}],"author":[{"embeddable":true,"href":"https:\/\/www.europesays.com\/fr\/wp-json\/wp\/v2\/users\/2"}],"replies":[{"embeddable":true,"href":"https:\/\/www.europesays.com\/fr\/wp-json\/wp\/v2\/comments?post=200777"}],"version-history":[{"count":0,"href":"https:\/\/www.europesays.com\/fr\/wp-json\/wp\/v2\/posts\/200777\/revisions"}],"wp:featuredmedia":[{"embeddable":true,"href":"https:\/\/www.europesays.com\/fr\/wp-json\/wp\/v2\/media\/200778"}],"wp:attachment":[{"href":"https:\/\/www.europesays.com\/fr\/wp-json\/wp\/v2\/media?parent=200777"}],"wp:term":[{"taxonomy":"category","embeddable":true,"href":"https:\/\/www.europesays.com\/fr\/wp-json\/wp\/v2\/categories?post=200777"},{"taxonomy":"post_tag","embeddable":true,"href":"https:\/\/www.europesays.com\/fr\/wp-json\/wp\/v2\/tags?post=200777"}],"curies":[{"name":"wp","href":"https:\/\/api.w.org\/{rel}","templated":true}]}}