{"id":200785,"date":"2025-06-24T13:13:27","date_gmt":"2025-06-24T13:13:27","guid":{"rendered":"https:\/\/www.europesays.com\/fr\/200785\/"},"modified":"2025-06-24T13:13:27","modified_gmt":"2025-06-24T13:13:27","slug":"le-periple-dune-franco-iranienne-pour-revenir-sans-laide-de-lambassade","status":"publish","type":"post","link":"https:\/\/www.europesays.com\/fr\/200785\/","title":{"rendered":"le p\u00e9riple d\u2019une franco-iranienne pour revenir sans l\u2019aide de l\u2019ambassade"},"content":{"rendered":"<p><strong>Paris Match. Quand \u00eates-vous partie de T\u00e9h\u00e9ran et comment\u00a0?<br \/>Monir H. <\/strong>Je suis partie jeudi. Mercredi, ma fille m\u2019a dit d\u2019appeler l\u2019ambassade de France \u00e0 T\u00e9h\u00e9ran. Une dame m\u2019a r\u00e9pondu au t\u00e9l\u00e9phone \u00e0 11\u00a0heures en m\u2019expliquant que l\u2019ambassade allait me rappeler une heure plus tard. Personne ne m\u2019a rappel\u00e9e. Alors \u00e0 19\u00a0heures, j\u2019ai pass\u00e9 un nouveau coup de fil. Je ne demandais pourtant ni nourriture, ni argent, c\u2019\u00e9tait juste un appel au secours. Un homme m\u2019a demand\u00e9 mon t\u00e9l\u00e9phone, mon num\u00e9ro de passeport. Il ne m\u2019a m\u00eame pas demand\u00e9 si j\u2019\u00e9tais en s\u00e9curit\u00e9. Il m\u2019a juste dit de me connecter au site de l\u2019ambassade pour savoir si des vols \u00e9taient programm\u00e9s alors qu\u2019il n\u2019y a aucun vol, de ne pas prendre de risque et faire attention avec votre t\u00e9l\u00e9phone et votre cam\u00e9ra. Du matin jusqu\u2019au soir j\u2019ai pleur\u00e9.<\/p>\n<p>\u00c0 lire aussi <a href=\"https:\/\/www.parismatch.com\/actu\/international\/trump-et-son-entourage-ne-comprennent-rien-a-liran-253155\" rel=\"nofollow noopener\" target=\"_blank\" data-ylk=\"slk:\u00ab\u00a0Trump et son entourage ne comprennent rien \u00e0 l\u2019Iran\u00a0\u00bb;elm:context_link;itc:0;sec:content-canvas\" class=\"link \">\u00ab\u00a0Trump et son entourage ne comprennent rien \u00e0 l\u2019Iran\u00a0\u00bb <\/a><\/p>\n<p>Le lendemain, j\u2019ai appris qu\u2019un bus partirait \u00e0 15\u00a0heures pour la r\u00e9gion de Maku et Bazargan, \u00e0 la fronti\u00e8re entre l\u2019Iran et la Turquie. Ce n\u2019\u00e9tait pas un bus annonc\u00e9 mais pour des gens qui \u00e9taient au courant\u2026 J\u2019ai juste pris mon passeport et de l\u2019argent et je suis partie. Nous sommes arriv\u00e9s dans la nuit, \u00e0 4\u00a0h\u00a030 du matin, je suis rest\u00e9e un temps dehors mais un ami de ma cousine est venu en voiture me chercher pour m\u2019amener au poste-fronti\u00e8re de G\u00fcrbulak. L\u00e0-bas, \u00e0 6\u00a0h\u00a030 du matin, les Iraniens ont tout v\u00e9rifi\u00e9, mes passeports fran\u00e7ais et iranien. Une porte s\u2019est ouverte et j\u2019ai franchi la fronti\u00e8re\u2026 J&#8230;<\/p>\n<p><a href=\"https:\/\/www.parismatch.com\/actu\/international\/de-teheran-a-paris-en-passant-par-la-turquie-le-periple-dune-franco-iranienne-pour-revenir-sans-laide-de-lambassade-253177?at_medium=affiliate&amp;at_campaign=Yahoo\" rel=\"nofollow noopener\" target=\"_blank\" data-ylk=\"slk:Lire la suite sur ParisMatch;elm:context_link;itc:0;sec:content-canvas\" class=\"link \">Lire la suite sur ParisMatch<\/a><\/p>\n","protected":false},"excerpt":{"rendered":"Paris Match. Quand \u00eates-vous partie de T\u00e9h\u00e9ran et comment\u00a0?Monir H. Je suis partie jeudi. Mercredi, ma fille m\u2019a&hellip;\n","protected":false},"author":2,"featured_media":200786,"comment_status":"","ping_status":"","sticky":false,"template":"","format":"standard","meta":{"footnotes":""},"categories":[1888],"tags":[1111,1928,11,1927,1777,674,1011,27,34032,9790,8514,12,1926,34031,626,1925,25,10734],"class_list":{"0":"post-200785","1":"post","2":"type-post","3":"status-publish","4":"format-standard","5":"has-post-thumbnail","7":"category-paris","8":"tag-actu","9":"tag-actu-paris","10":"tag-actualites","11":"tag-actualites-paris","12":"tag-eu","13":"tag-europe","14":"tag-fr","15":"tag-france","16":"tag-jai-passe","17":"tag-lambassade-de-france","18":"tag-la-frontiere","19":"tag-news","20":"tag-news-paris","21":"tag-numero-de-passeport","22":"tag-paris","23":"tag-paris-news","24":"tag-republique-francaise","25":"tag-teheran"},"share_on_mastodon":{"url":"https:\/\/pubeurope.com\/@fr\/114738522120194188","error":""},"_links":{"self":[{"href":"https:\/\/www.europesays.com\/fr\/wp-json\/wp\/v2\/posts\/200785","targetHints":{"allow":["GET"]}}],"collection":[{"href":"https:\/\/www.europesays.com\/fr\/wp-json\/wp\/v2\/posts"}],"about":[{"href":"https:\/\/www.europesays.com\/fr\/wp-json\/wp\/v2\/types\/post"}],"author":[{"embeddable":true,"href":"https:\/\/www.europesays.com\/fr\/wp-json\/wp\/v2\/users\/2"}],"replies":[{"embeddable":true,"href":"https:\/\/www.europesays.com\/fr\/wp-json\/wp\/v2\/comments?post=200785"}],"version-history":[{"count":0,"href":"https:\/\/www.europesays.com\/fr\/wp-json\/wp\/v2\/posts\/200785\/revisions"}],"wp:featuredmedia":[{"embeddable":true,"href":"https:\/\/www.europesays.com\/fr\/wp-json\/wp\/v2\/media\/200786"}],"wp:attachment":[{"href":"https:\/\/www.europesays.com\/fr\/wp-json\/wp\/v2\/media?parent=200785"}],"wp:term":[{"taxonomy":"category","embeddable":true,"href":"https:\/\/www.europesays.com\/fr\/wp-json\/wp\/v2\/categories?post=200785"},{"taxonomy":"post_tag","embeddable":true,"href":"https:\/\/www.europesays.com\/fr\/wp-json\/wp\/v2\/tags?post=200785"}],"curies":[{"name":"wp","href":"https:\/\/api.w.org\/{rel}","templated":true}]}}