{"id":200795,"date":"2025-06-24T13:18:12","date_gmt":"2025-06-24T13:18:12","guid":{"rendered":"https:\/\/www.europesays.com\/fr\/200795\/"},"modified":"2025-06-24T13:18:12","modified_gmt":"2025-06-24T13:18:12","slug":"la-fed-peut-attendre-avant-de-baisser-ses-taux-repete-son-president-jerome-powell","status":"publish","type":"post","link":"https:\/\/www.europesays.com\/fr\/200795\/","title":{"rendered":"la Fed peut \u00abattendre\u00bb avant de baisser ses taux, r\u00e9p\u00e8te son pr\u00e9sident Jerome Powell"},"content":{"rendered":"<p>Depuis des semaines, Donald Trump s\u2019en prend ouvertement au pr\u00e9sident de la Fed, le mena\u00e7ant de le limoger s\u2019il ne baisse pas les taux de la banque centrale am\u00e9ricaine.<\/p>\n<p class=\"fig-paragraph\">Le\u00a0<a href=\"http:\/\/www.lefigaro.fr\/flash-eco\/donald-trump-demande-a-nouveau-une-baisse-de-taux-d-interet-a-jerome-powell-qui-va-s-adresser-au-congres-20250624\" data-fig-type=\"NewsFlash\" data-gtm-custom-categorie=\"navigation\" data-gtm-custom-action=\"crossclick\" data-gtm-custom-label=\"Contextuel\" data-gtm-event=\"customEventSPE\" data-fig-domain=\"LEFIGARO\" rel=\"nofollow noopener\" target=\"_blank\">pr\u00e9sident de la banque centrale des \u00c9tats-Unis Jerome Powell<\/a>\u00a0consid\u00e8re \u00e0 nouveau ce mardi que celle-ci peut \u00abattendre\u00bb avant de baisser ses taux, en d\u00e9pit de l&rsquo;avis contraire d&rsquo;autres membres de la Fed et des pressions f\u00e9roces de Donald Trump.<\/p>\n<p class=\"fig-paragraph\">\u00abPour l&rsquo;instant, nous sommes bien plac\u00e9s pour attendre d&rsquo;en savoir plus sur l&rsquo;\u00e9volution probable de l&rsquo;\u00e9conomie avant d&rsquo;envisager tout ajustement de notre politique\u00bb, selon Jerome Powell, d&rsquo;apr\u00e8s le texte d&rsquo;un discours partag\u00e9 \u00e0 l&rsquo;avance par l&rsquo;institution mon\u00e9taire.<\/p>\n<p class=\"fig-paragraph\">Plus d\u2019informations \u00e0 venir&#8230;<\/p>\n","protected":false},"excerpt":{"rendered":"Depuis des semaines, Donald Trump s\u2019en prend ouvertement au pr\u00e9sident de la Fed, le mena\u00e7ant de le limoger&hellip;\n","protected":false},"author":2,"featured_media":200796,"comment_status":"","ping_status":"","sticky":false,"template":"","format":"standard","meta":{"footnotes":""},"categories":[1589],"tags":[339,11,340,343,345,350,130,344,352,349,75,33,341,313,73,1866,7512,346,342,10797,353,351,347,12,348,354,1864,1865,1863,308],"class_list":{"0":"post-200795","1":"post","2":"type-post","3":"status-publish","4":"format-standard","5":"has-post-thumbnail","7":"category-etats-unis","8":"tag-actualite-economique","9":"tag-actualites","10":"tag-bourse","11":"tag-cac-40","12":"tag-chef-dentreprise","13":"tag-concurrence","14":"tag-consommation","15":"tag-creation-dentreprise","16":"tag-crise","17":"tag-delocalisations","18":"tag-donald-trump","19":"tag-economie","20":"tag-emploi","21":"tag-entreprises","22":"tag-etats-unis","23":"tag-etats-unis-damerique","24":"tag-fed","25":"tag-grands-patrons","26":"tag-impots","27":"tag-jerome-powell","28":"tag-licenciements","29":"tag-monopole","30":"tag-multinationales","31":"tag-news","32":"tag-privatisation","33":"tag-unio","34":"tag-united-states","35":"tag-united-states-of-america","36":"tag-us","37":"tag-usa"},"share_on_mastodon":{"url":"https:\/\/pubeurope.com\/@fr\/114738541794567254","error":""},"_links":{"self":[{"href":"https:\/\/www.europesays.com\/fr\/wp-json\/wp\/v2\/posts\/200795","targetHints":{"allow":["GET"]}}],"collection":[{"href":"https:\/\/www.europesays.com\/fr\/wp-json\/wp\/v2\/posts"}],"about":[{"href":"https:\/\/www.europesays.com\/fr\/wp-json\/wp\/v2\/types\/post"}],"author":[{"embeddable":true,"href":"https:\/\/www.europesays.com\/fr\/wp-json\/wp\/v2\/users\/2"}],"replies":[{"embeddable":true,"href":"https:\/\/www.europesays.com\/fr\/wp-json\/wp\/v2\/comments?post=200795"}],"version-history":[{"count":0,"href":"https:\/\/www.europesays.com\/fr\/wp-json\/wp\/v2\/posts\/200795\/revisions"}],"wp:featuredmedia":[{"embeddable":true,"href":"https:\/\/www.europesays.com\/fr\/wp-json\/wp\/v2\/media\/200796"}],"wp:attachment":[{"href":"https:\/\/www.europesays.com\/fr\/wp-json\/wp\/v2\/media?parent=200795"}],"wp:term":[{"taxonomy":"category","embeddable":true,"href":"https:\/\/www.europesays.com\/fr\/wp-json\/wp\/v2\/categories?post=200795"},{"taxonomy":"post_tag","embeddable":true,"href":"https:\/\/www.europesays.com\/fr\/wp-json\/wp\/v2\/tags?post=200795"}],"curies":[{"name":"wp","href":"https:\/\/api.w.org\/{rel}","templated":true}]}}