{"id":200797,"date":"2025-06-24T13:19:09","date_gmt":"2025-06-24T13:19:09","guid":{"rendered":"https:\/\/www.europesays.com\/fr\/200797\/"},"modified":"2025-06-24T13:19:09","modified_gmt":"2025-06-24T13:19:09","slug":"des-centaines-de-bebes-morts-a-cause-de-defaillances-dans-les-maternites","status":"publish","type":"post","link":"https:\/\/www.europesays.com\/fr\/200797\/","title":{"rendered":"des centaines de b\u00e9b\u00e9s morts \u00e0 cause de d\u00e9faillances dans les maternit\u00e9s"},"content":{"rendered":"<p>Les r\u00e9v\u00e9lations sur les d\u00e9faillances des services de maternit\u00e9 anglais ont conduit le gouvernement de Keir Starmer \u00e0 lancer une enqu\u00eate nationale sur un sujet qui scandalise le pays.<\/p>\n<p class=\"fig-paragraph\">Des centaines de b\u00e9b\u00e9s dont la mort aurait pu \u00eatre \u00e9vit\u00e9e. Le scandale des maternit\u00e9s d\u00e9faillantes horrifie le Royaume-Uni, alors que les r\u00e9v\u00e9lations se sont multipli\u00e9es ces derniers temps. Au point que le ministre de la Sant\u00e9, Wes Streeting, a lanc\u00e9 lundi une enqu\u00eate nationale<a href=\"http:\/\/www.lefigaro.fr\/international\/le-royaume-uni-face-a-l-effondrement-de-son-systeme-de-sante-20250605\" data-fig-type=\"Article\" data-gtm-custom-categorie=\"navigation\" data-gtm-custom-action=\"crossclick\" data-gtm-custom-label=\"Contextuel\" data-gtm-event=\"customEventSPE\" data-fig-domain=\"LEFIGARO\" rel=\"nofollow noopener\" target=\"_blank\">\u00a0sur les services de maternit\u00e9 anglais\u00a0<\/a>et promis des mesures urgentes pour endiguer ces trag\u00e9dies.<\/p>\n<p class=\"fig-paragraph\">Les scandales \u00e0 r\u00e9p\u00e9tition ont fini par sonner l\u2019alarme. Ils ont \u00e9clat\u00e9 en diff\u00e9rentes r\u00e9gions du pays, notamment \u00e0 Morecambe Bay, dans l\u2019East Kent, \u00e0 Gloucester, \u00e0 Nottingham, \u00e0 Shrewsbury et Telford. Dans ces deux derni\u00e8res villes, des enqu\u00eates locales ont montr\u00e9 de s\u00e9rieux manquements dans les soins dispens\u00e9s sur une p\u00e9riode de 20 ans, qui pourraient avoir entra\u00een\u00e9 la mort de plus de 200 b\u00e9b\u00e9s et de neuf m\u00e8res. Une enqu\u00eate publi\u00e9e en janvier par la BBC sur deux h\u00f4pitaux de Leeds (nord de l\u2019Angleterre) a aussi r\u00e9v\u00e9l\u00e9 que la mort d\u2019au moins 56 b\u00e9b\u00e9s aurait pu \u00eatre \u00e9vit\u00e9e, entre janvier 2019 et juillet 2024.<\/p>\n<p>Fractures et probl\u00e8mes c\u00e9r\u00e9braux<\/p>\n<p class=\"fig-paragraph\">Le minist\u00e8re\u2026<\/p>\n<p class=\"fig-premium-paywall__infos\">\n        Cet article est r\u00e9serv\u00e9 aux abonn\u00e9s.        Il vous reste 72% \u00e0 d\u00e9couvrir.\n    <\/p>\n<p>                <img  data- alt=\"Le Figaro\" class=\"fig-img--complete fig-img\"\/><\/p>\n<p class=\"fig-premium-paywall__title\">Vente Flash<\/p>\n<p class=\"fig-premium-paywall__subtitle\">3,99\u20ac par mois pendant 12 mois. Sans engagement.<\/p>\n<p class=\"fig-premium-paywall__connect\">\n                D\u00e9j\u00e0 abonn\u00e9\u00a0?                <a class=\"fig-premium-paywall__connect-link\" href=\"https:\/\/connect.lefigaro.fr\/login?client=horizon_web&amp;type=main&amp;redirect_uri=https%3A%2F%2Fwww.lefigaro.fr%2Finternational%2Froyaume-uni-des-centaines-de-bebes-morts-a-cause-de-defaillances-dans-les-maternites-20250624\" data-js-gtm=\"{&quot;customCategorie&quot;: &quot;conversion&quot;, &quot;customAction&quot;: &quot;before_Landing_Connexion_paywall_auto&quot;, &quot;customLabel&quot;: &quot;bGVmaWdhcm8uZnJfXzFmMDUwZTgxLWVjNWUtNmVkZS05ZTFkLTI1NWZjODY2ZTUyYV9fQXJ0aWNsZQ==_Royaume-Uni\u00a0: des centaines de b\u00e9b\u00e9s morts \u00e0 cause de d\u00e9faillances dans les maternit\u00e9s_9&quot;, &quot;customIDSPE&quot;: &quot;bGVmaWdhcm8uZnJfXzFmMDUwZTgxLWVjNWUtNmVkZS05ZTFkLTI1NWZjODY2ZTUyYV9fQXJ0aWNsZQ==&quot;, &quot;event&quot;: &quot;customEventSPE&quot;}\" rel=\"nofollow noopener\" target=\"_blank\"><br \/>\n                    Connectez-vous<br \/>\n                <\/a>\n            <\/p>\n","protected":false},"excerpt":{"rendered":"Les r\u00e9v\u00e9lations sur les d\u00e9faillances des services de maternit\u00e9 anglais ont conduit le gouvernement de Keir Starmer \u00e0&hellip;\n","protected":false},"author":2,"featured_media":200798,"comment_status":"","ping_status":"","sticky":false,"template":"","format":"standard","meta":{"footnotes":""},"categories":[1588],"tags":[259,11,260,1777,674,14,15761,261,12,262,473,1853,71,1851,1850,1852],"class_list":{"0":"post-200797","1":"post","2":"type-post","3":"status-publish","4":"format-standard","5":"has-post-thumbnail","7":"category-royaume-uni","8":"tag-actualite-internationale","9":"tag-actualites","10":"tag-affaires-etrangeres","11":"tag-eu","12":"tag-europe","13":"tag-international","14":"tag-maternite","15":"tag-ministere-des-affaires-etrangeres","16":"tag-news","17":"tag-politique-etrangere","18":"tag-royaume-uni","19":"tag-royaume-uni-de-grande-bretagne-et-dirlande-du-nord","20":"tag-sante","21":"tag-uk","22":"tag-united-kingdom","23":"tag-united-kingdom-of-great-britain-and-northern-ireland"},"share_on_mastodon":{"url":"https:\/\/pubeurope.com\/@fr\/114738545845162067","error":""},"_links":{"self":[{"href":"https:\/\/www.europesays.com\/fr\/wp-json\/wp\/v2\/posts\/200797","targetHints":{"allow":["GET"]}}],"collection":[{"href":"https:\/\/www.europesays.com\/fr\/wp-json\/wp\/v2\/posts"}],"about":[{"href":"https:\/\/www.europesays.com\/fr\/wp-json\/wp\/v2\/types\/post"}],"author":[{"embeddable":true,"href":"https:\/\/www.europesays.com\/fr\/wp-json\/wp\/v2\/users\/2"}],"replies":[{"embeddable":true,"href":"https:\/\/www.europesays.com\/fr\/wp-json\/wp\/v2\/comments?post=200797"}],"version-history":[{"count":0,"href":"https:\/\/www.europesays.com\/fr\/wp-json\/wp\/v2\/posts\/200797\/revisions"}],"wp:featuredmedia":[{"embeddable":true,"href":"https:\/\/www.europesays.com\/fr\/wp-json\/wp\/v2\/media\/200798"}],"wp:attachment":[{"href":"https:\/\/www.europesays.com\/fr\/wp-json\/wp\/v2\/media?parent=200797"}],"wp:term":[{"taxonomy":"category","embeddable":true,"href":"https:\/\/www.europesays.com\/fr\/wp-json\/wp\/v2\/categories?post=200797"},{"taxonomy":"post_tag","embeddable":true,"href":"https:\/\/www.europesays.com\/fr\/wp-json\/wp\/v2\/tags?post=200797"}],"curies":[{"name":"wp","href":"https:\/\/api.w.org\/{rel}","templated":true}]}}