{"id":200805,"date":"2025-06-24T13:23:10","date_gmt":"2025-06-24T13:23:10","guid":{"rendered":"https:\/\/www.europesays.com\/fr\/200805\/"},"modified":"2025-06-24T13:23:10","modified_gmt":"2025-06-24T13:23:10","slug":"deux-ados-de-16-et-17-ans-attaques-au-couteau-lun-deux-est-grievement-blesse","status":"publish","type":"post","link":"https:\/\/www.europesays.com\/fr\/200805\/","title":{"rendered":"Deux ados de 16 et 17 ans attaqu\u00e9s au couteau, l\u2019un d\u2019eux est gri\u00e8vement bless\u00e9"},"content":{"rendered":"<p>Les faits se sont produits lundi en d\u00e9but de soir\u00e9e \u00e0 <a href=\"https:\/\/www.20minutes.fr\/dossier\/illkirch-graffenstaden\" class=\"color-ultramarine c-link\" target=\"_blank\" rel=\"noopener\">Illkirch-Graffenstaden<\/a>, ville limitrophe de <a href=\"https:\/\/www.20minutes.fr\/strasbourg\/\" class=\"color-ultramarine c-link\" target=\"_blank\" rel=\"noopener\">Strasbourg<\/a>. Il \u00e9tait environ 18h30 lorsque les secours ont \u00e9t\u00e9 appel\u00e9s\u00a0: deux personnes venaient d\u2019\u00eatre agress\u00e9s au couteau dans un quartier plut\u00f4t tranquille.<\/p>\n<p>\u00ab\u00a0Les pompiers \u00e9taient sur un feu de broussaille pas tr\u00e8s loin, ils ont pu rerout\u00e9 assez vite\u00a0\u00bb, explique le maire <a href=\"https:\/\/www.20minutes.fr\/politique\/lr\/\" class=\"color-ultramarine c-link\" target=\"_blank\" rel=\"noopener\">Les R\u00e9publicains<\/a> (LR) de cette commune de 28.000 habitants, Thibaud Philipps.<\/p>\n<p>Sur place, ils ont d\u00e9couvert deux jeunes de 16 et 17 ans gri\u00e8vement bless\u00e9s. \u00ab\u00a0Le plus \u00e2g\u00e9 avait \u00e9t\u00e9 touch\u00e9 au cou et son pronostic vital est engag\u00e9. Le plus jeune a re\u00e7u plusieurs coups de couteau dans le dos\u00a0\u00bb, a d\u00e9taill\u00e9 en pr\u00e9cisant que des agresseurs pr\u00e9sum\u00e9s avaient \u00e9t\u00e9 identifi\u00e9s. \u00ab\u00a0Il s\u2019agit de deux gar\u00e7ons et deux filles qui sont mont\u00e9s dans une voiture dont la plaque d\u2019immatriculation a pu \u00eatre relev\u00e9e. Elle m\u00e8ne \u00e0 une adresse \u00e0 Strasbourg que la police nationale est en train d\u2019identifier.\u00a0\u00bb<\/p>\n<\/p>\n<p>D\u2019apr\u00e8s l\u2019\u00e9dile, les victimes connaissaient leurs agresseurs. \u00ab\u00a0Mais ils n\u2019ont pas voulu donner leur identit\u00e9\u00a0\u00bb, pr\u00e9cise Thibaud Philipps, dans le flou en ce qui concerne l\u2019origine de cette agression. \u00ab\u00a0L\u2019enqu\u00eate le dira. On pense \u00e0 une rivalit\u00e9 amoureuse ou une autre rivalit\u00e9.\u00a0\u00bb<\/p>\n<p>La piste d\u2019un r\u00e8glement de comptes a aussi \u00e9t\u00e9 \u00e9voqu\u00e9e. Une enqu\u00eate a \u00e9t\u00e9 ouverte et confi\u00e9e \u00e0 la division de la criminalit\u00e9 territoriale (DCT) de la <a href=\"https:\/\/www.20minutes.fr\/dossier\/enquete\" class=\"color-ultramarine c-link\" target=\"_blank\" rel=\"noopener\">police de Strasbourg<\/a>. Contact\u00e9, le parquet de Strasbourg n\u2019a pas r\u00e9pondu dans l\u2019imm\u00e9diat.<\/p>\n<p>\u00ab\u00a0Il n\u2019y a aucun lien avec les \u00e9coles maternelles \u00e0 proximit\u00e9, ni le coll\u00e8ge\u00a0\u00bb, insiste le maire. \u00ab\u00a0Parmi les victimes, un r\u00e9side \u00e0 Ostwald (une commune voisine) et l\u2019autre \u00e0 Strasbourg. L\u2019agression n\u2019a donc pas de lien particulier non plus avec Illkirch-Graffenstaden.\u00a0\u00bb Une ville o\u00f9 ce genre de faits divers sont rares. \u00ab\u00a0C\u2019est nouveau ici\u00a0\u00bb, assure le chef de la police municipale locale.<\/p>\n","protected":false},"excerpt":{"rendered":"Les faits se sont produits lundi en d\u00e9but de soir\u00e9e \u00e0 Illkirch-Graffenstaden, ville limitrophe de Strasbourg. Il \u00e9tait&hellip;\n","protected":false},"author":2,"featured_media":200806,"comment_status":"","ping_status":"","sticky":false,"template":"","format":"standard","meta":{"footnotes":""},"categories":[2],"tags":[47,11,1084,1120,2389,2649,7623,1122,118,32807,1011,27,775,3088,12,25,104,640,809],"class_list":{"0":"post-200805","1":"post","2":"type-post","3":"status-publish","4":"format-standard","5":"has-post-thumbnail","7":"category-actualites","8":"tag-actualite","9":"tag-actualites","10":"tag-adolescent","11":"tag-agression","12":"tag-alsace","13":"tag-bas-rhin","14":"tag-coup-de-couteau","15":"tag-ecole","16":"tag-faits-divers","17":"tag-faits-divers-strasbourg","18":"tag-fr","19":"tag-france","20":"tag-grand-est","21":"tag-illkirch-graffenstaden","22":"tag-news","23":"tag-republique-francaise","24":"tag-societe","25":"tag-strasbourg","26":"tag-violence"},"share_on_mastodon":{"url":"https:\/\/pubeurope.com\/@fr\/114738561801556571","error":""},"_links":{"self":[{"href":"https:\/\/www.europesays.com\/fr\/wp-json\/wp\/v2\/posts\/200805","targetHints":{"allow":["GET"]}}],"collection":[{"href":"https:\/\/www.europesays.com\/fr\/wp-json\/wp\/v2\/posts"}],"about":[{"href":"https:\/\/www.europesays.com\/fr\/wp-json\/wp\/v2\/types\/post"}],"author":[{"embeddable":true,"href":"https:\/\/www.europesays.com\/fr\/wp-json\/wp\/v2\/users\/2"}],"replies":[{"embeddable":true,"href":"https:\/\/www.europesays.com\/fr\/wp-json\/wp\/v2\/comments?post=200805"}],"version-history":[{"count":0,"href":"https:\/\/www.europesays.com\/fr\/wp-json\/wp\/v2\/posts\/200805\/revisions"}],"wp:featuredmedia":[{"embeddable":true,"href":"https:\/\/www.europesays.com\/fr\/wp-json\/wp\/v2\/media\/200806"}],"wp:attachment":[{"href":"https:\/\/www.europesays.com\/fr\/wp-json\/wp\/v2\/media?parent=200805"}],"wp:term":[{"taxonomy":"category","embeddable":true,"href":"https:\/\/www.europesays.com\/fr\/wp-json\/wp\/v2\/categories?post=200805"},{"taxonomy":"post_tag","embeddable":true,"href":"https:\/\/www.europesays.com\/fr\/wp-json\/wp\/v2\/tags?post=200805"}],"curies":[{"name":"wp","href":"https:\/\/api.w.org\/{rel}","templated":true}]}}