{"id":200811,"date":"2025-06-24T13:28:10","date_gmt":"2025-06-24T13:28:10","guid":{"rendered":"https:\/\/www.europesays.com\/fr\/200811\/"},"modified":"2025-06-24T13:28:10","modified_gmt":"2025-06-24T13:28:10","slug":"ecarte-du-xv-de-france-jaminet-appele-par-les-barbarians-britanniques","status":"publish","type":"post","link":"https:\/\/www.europesays.com\/fr\/200811\/","title":{"rendered":"\u00e9cart\u00e9 du XV de France, Jaminet appel\u00e9 par les Barbarians britanniques"},"content":{"rendered":"<p>La prestigieuse s\u00e9lection britannique, qui a appel\u00e9 plusieurs joueurs \u00e9voluant en Top 14, affrontera les Springboks doubles champions du monde, samedi au Cap.<\/p>\n<p class=\"fig-paragraph\">Recal\u00e9 en Bleu, appel\u00e9 par les Barbarians britanniques.\u00a0<a href=\"http:\/\/www.lefigaro.fr\/sports\/rugby\/coupe-d-europe\/toulon-apres-les-affaires-melvyn-jaminet-sur-la-voie-de-la-redemption-20250411\" data-fig-type=\"Article\" data-gtm-custom-categorie=\"navigation\" data-gtm-custom-action=\"crossclick\" data-gtm-custom-label=\"Contextuel\" data-gtm-event=\"customEventSPE\" data-fig-domain=\"LEFIGARO\" target=\"_blank\" rel=\"noopener\">Melvyn Jaminet<\/a>, l\u2019arri\u00e8re du RC Toulon, a \u00e9t\u00e9 appel\u00e9 par la prestigieuse s\u00e9lection britannique pour affronter\u00a0<a href=\"http:\/\/www.lefigaro.fr\/sports\/rugby\/bilan-de-la-tournee-d-automne-les-springboks-imposent-leur-loi-les-anglais-dans-le-dur-20241125\" data-fig-type=\"NewsFlash\" data-gtm-custom-categorie=\"navigation\" data-gtm-custom-action=\"crossclick\" data-gtm-custom-label=\"Contextuel\" data-gtm-event=\"customEventSPE\" data-fig-domain=\"LEFIGARO\" target=\"_blank\" rel=\"noopener\">l\u2019Afrique du Sud<\/a>, samedi au Cap. Une bouff\u00e9e d\u2019oxyg\u00e8ne pour le Varois, qui est persona non grata en \u00e9quipe de France apr\u00e8s l\u2019affaire de ses propos racistes lors de la tourn\u00e9e des Bleus en Argentine en 2024. Ce qui lui avait valu une suspension de plusieurs mois de la part de la\u00a0<a href=\"http:\/\/www.lefigaro.fr\/sports\/rugby\/cas-jaminet-redressement-de-la-ffr-le-president-de-la-federation-florian-grill-aborde-les-sujets-chauds-20250618\" data-fig-type=\"NewsFlash\" data-gtm-custom-categorie=\"navigation\" data-gtm-custom-action=\"crossclick\" data-gtm-custom-label=\"Contextuel\" data-gtm-event=\"customEventSPE\" data-fig-domain=\"LEFIGARO\" target=\"_blank\" rel=\"noopener\">F\u00e9d\u00e9ration fran\u00e7aise de rugby<\/a>.<\/p>\n<p class=\"fig-paragraph\">La semaine derni\u00e8re, le pr\u00e9sident de la FFR, Florian Grill, avait d\u00e9clar\u00e9\u00a0: \u00abJe veux quand m\u00eame saluer Melvyn. Il a assum\u00e9 la sanction, il a jou\u00e9 parfaitement le jeu lors des travaux d\u2019int\u00e9r\u00eat g\u00e9n\u00e9raux qui lui \u00e9taient propos\u00e9s dans le cadre de la sanction. (&#8230;) Je dis qu\u2019il faut qu\u2019il continue. Ce n\u2019est pas simple. Mais franchement, il est sur un chemin qui est int\u00e9ressant.\u00bb<\/p>\n<p>\u00ab\u00c7a sera compliqu\u00e9 de le faire revenir en \u00e9quipe de France\u00bb<\/p>\n<p class=\"fig-paragraph\">Et le dirigeant d\u2019ajouter\u00a0: \u00abCe que j\u2019ai dit, c\u2019est que vis-\u00e0-vis des partenaires, de tous les clubs qui bossent en quartier prioritaire de la ville, \u00e7a sera compliqu\u00e9 de le faire revenir en \u00e9quipe de France. Parce qu\u2019il faut quand m\u00eame voir que quand tu portes le coq, tu as une responsabilit\u00e9 et tu as un devoir d\u2019exemplarit\u00e9.\u00bb<\/p>\n<p class=\"fig-paragraph\">Plusieurs autres joueurs \u00e9voluant dans le Top 14 ont \u00e9t\u00e9 convoqu\u00e9s par les \u00abBaabaas\u00bb (dont trois Fran\u00e7ais)\u00a0: le talonneur Camille Chat (Lyon), les piliers Hassane Kolingar (Racing 92), Paul Alo-Emile (Stade Fran\u00e7ais Paris) et Will Collier (Castres), le deuxi\u00e8me-ligne David Ribbans (Toulon), les demis de m\u00eal\u00e9e Tawera Kerr Barlow (Stade Fran\u00e7ais, ex-La Rochelle) et Santiago Arata (Castres) ainsi que les centres Leicester Fainga\u2019anuku (ex-Toulon) et Joe Marchant (Stade Fran\u00e7ais).<\/p>\n","protected":false},"excerpt":{"rendered":"La prestigieuse s\u00e9lection britannique, qui a appel\u00e9 plusieurs joueurs \u00e9voluant en Top 14, affrontera les Springboks doubles champions&hellip;\n","protected":false},"author":2,"featured_media":200812,"comment_status":"","ping_status":"","sticky":false,"template":"","format":"standard","meta":{"footnotes":""},"categories":[1416],"tags":[2306,525,2309,1981,2313,1089,451,814,1011,27,955,13084,2308,2311,1980,479,1468,2259,2307,60,478,2310,2312,513],"class_list":{"0":"post-200811","1":"post","2":"type-post","3":"status-publish","4":"format-standard","5":"has-post-thumbnail","7":"category-rugby","8":"tag-6-nations","9":"tag-calendrier","10":"tag-challenge-europeen","11":"tag-classement","12":"tag-clermont","13":"tag-coupe-deurope","14":"tag-coupe-du-monde","15":"tag-direct","16":"tag-fr","17":"tag-france","18":"tag-match","19":"tag-melvyn-jaminet","20":"tag-pro-d2","21":"tag-racing","22":"tag-resultats","23":"tag-rugby","24":"tag-rugby-football","25":"tag-score","26":"tag-six-nations","27":"tag-sports","28":"tag-top-14","29":"tag-toulon","30":"tag-toulouse","31":"tag-xv-de-france"},"share_on_mastodon":{"url":"https:\/\/pubeurope.com\/@fr\/114738580935818598","error":""},"_links":{"self":[{"href":"https:\/\/www.europesays.com\/fr\/wp-json\/wp\/v2\/posts\/200811","targetHints":{"allow":["GET"]}}],"collection":[{"href":"https:\/\/www.europesays.com\/fr\/wp-json\/wp\/v2\/posts"}],"about":[{"href":"https:\/\/www.europesays.com\/fr\/wp-json\/wp\/v2\/types\/post"}],"author":[{"embeddable":true,"href":"https:\/\/www.europesays.com\/fr\/wp-json\/wp\/v2\/users\/2"}],"replies":[{"embeddable":true,"href":"https:\/\/www.europesays.com\/fr\/wp-json\/wp\/v2\/comments?post=200811"}],"version-history":[{"count":0,"href":"https:\/\/www.europesays.com\/fr\/wp-json\/wp\/v2\/posts\/200811\/revisions"}],"wp:featuredmedia":[{"embeddable":true,"href":"https:\/\/www.europesays.com\/fr\/wp-json\/wp\/v2\/media\/200812"}],"wp:attachment":[{"href":"https:\/\/www.europesays.com\/fr\/wp-json\/wp\/v2\/media?parent=200811"}],"wp:term":[{"taxonomy":"category","embeddable":true,"href":"https:\/\/www.europesays.com\/fr\/wp-json\/wp\/v2\/categories?post=200811"},{"taxonomy":"post_tag","embeddable":true,"href":"https:\/\/www.europesays.com\/fr\/wp-json\/wp\/v2\/tags?post=200811"}],"curies":[{"name":"wp","href":"https:\/\/api.w.org\/{rel}","templated":true}]}}