{"id":200851,"date":"2025-06-24T13:51:25","date_gmt":"2025-06-24T13:51:25","guid":{"rendered":"https:\/\/www.europesays.com\/fr\/200851\/"},"modified":"2025-06-24T13:51:25","modified_gmt":"2025-06-24T13:51:25","slug":"loire-les-gendarmes-sans-pitie-sur-les-routes-lors-de-la-fete-de-la-musique-les-pv-pleuvent","status":"publish","type":"post","link":"https:\/\/www.europesays.com\/fr\/200851\/","title":{"rendered":"Loire. Les gendarmes sans piti\u00e9 sur les routes lors de la F\u00eate de la musique, les PV pleuvent"},"content":{"rendered":"<p>            Par<br \/>\n        <strong><br \/>\n            <a href=\"https:\/\/actu.fr\/auteur\/julien-sournies\" title=\"Consulter tous les articles de Julien Sournies\" rel=\"nofollow noopener\" target=\"_blank\">Julien Sournies<\/a><br \/>\n        <\/strong><\/p>\n<p>        Publi\u00e9 le<\/p>\n<p>            24 juin 2025 \u00e0 11h32        <\/p>\n<p>Les gendarmes de la <a href=\"https:\/\/actu.fr\/auvergne-rhone-alpes\/loire_42\" rel=\"nofollow noopener\" target=\"_blank\">Loire<\/a> ont eu du pain sur la planche. En ce week-end de <strong>F\u00eate de la musique<\/strong>, \u00e9maill\u00e9 par des d\u00e9bordements \u00e0 Roanne notamment, o\u00f9 des <a href=\"https:\/\/actu.fr\/auvergne-rhone-alpes\/roanne_42187\/fete-de-la-musique-deux-jeunes-victimes-de-piqures-a-ce-concert-dans-la-loire-ce-que-l-on-sait_62810573.html\" rel=\"nofollow noopener\" target=\"_blank\">piq\u00fbres sont soup\u00e7onn\u00e9es<\/a>, les militaires lig\u00e9riens ont proc\u00e9d\u00e9 \u00e0 d\u2019importants contr\u00f4les sur les routes.<\/p>\n<p class=\" wall-content\">Et \u00e0 l\u2019image des week-ends pr\u00e9c\u00e9dents, les gendarmes de l\u2019escadron d\u00e9partemental de la s\u00e9curit\u00e9 routi\u00e8re (EDSR) ont verbalis\u00e9 de nombreux fous du volant. Voici le bilan.<\/p>\n<p>65 exc\u00e8s de vitesse sur les routes de la Loire<\/p>\n<p class=\" wall-content\">Au total, les forces de l\u2019ordre ont enregistr\u00e9 un total de <strong>135 contraventions<\/strong>. Dans le d\u00e9tail, 65 automobilistes ont \u00e9t\u00e9 signal\u00e9s en flagrant exc\u00e8s de vitesse. \u00c0 cela, les militaires ont relev\u00e9 sept conduites sous l\u2019empire de l\u2019\u00e9tat alcoolique et quatre sous l\u2019emprise de produits stup\u00e9fiants.<\/p>\n<p class=\" wall-content\">De surcro\u00eet, 24 automobilistes ont \u00e9t\u00e9 pris en flagrant d\u00e9lit en train de faire usage de leur t\u00e9l\u00e9phone portable. Enfin, les gendarmes lig\u00e9riens ont enregistr\u00e9 35 autres infractions au code de la route.<\/p>\n<p class=\" wall-content\">Face \u00e0 des chiffres toujours aussi inqui\u00e9tants, la pr\u00e9fecture de la Loire rappelle que \u00ab\u2009la s\u00e9curit\u00e9 routi\u00e8re est une responsabilit\u00e9 collective. En conduisant, vous \u00eates responsable de votre vie, mais aussi de celle des autres usagers\u2009\u00bb.<\/p>\n<p>Vid\u00e9os : en ce moment sur ActuLes gendarmes font carton plein \u00e0 une rave-party<\/p>\n<p class=\" wall-content\">\u00c0 noter que les forces de l\u2019ordre \u00e9taient, dans le m\u00eame temps, fortement <strong>mobilis\u00e9es<\/strong> aux abords d\u2019une <a href=\"https:\/\/actu.fr\/auvergne-rhone-alpes\/saint-hilaire-cusson-la-valmitte_42235\/loire-une-rave-party-reunit-600-personnes-dans-cette-commune-carton-plein-des-gendarmes_62809210.html\" rel=\"nofollow noopener\" target=\"_blank\">rave-party<\/a>, situ\u00e9e \u00e0 cheval entre la Loire et la Haute-Loire. Face \u00e0 ce rassemblement pourtant interdit par la pr\u00e9fecture, la gendarmerie a en effet mis en place des contr\u00f4les routiers sur l\u2019ensemble des acc\u00e8s conduisant au site.<\/p>\n<p class=\" wall-content\">Voici le bilan\u2009:<\/p>\n<ul class=\" wall-content\">\n<li>129 contraventions li\u00e9es au code de la route (assurance, stationnement, etc.)<\/li>\n<li>21 amendes forfaitaires pour des usages de stup\u00e9fiants<\/li>\n<li>14 amendes pour port d\u2019arme<\/li>\n<li>10 conduites sous stup\u00e9fiants<\/li>\n<li>4 conduites sous l\u2019empire d\u2019un \u00e9tat alcoolique<\/li>\n<li>3 gardes \u00e0 vue pour trafic de stup\u00e9fiants<\/li>\n<li>2 v\u00e9hicules saisis et un groupe \u00e9lectrog\u00e8ne.<\/li>\n<\/ul>\n<p class=\" wall-content\">Suivez toute l\u2019actualit\u00e9 de vos villes et m\u00e9dias favoris en vous inscrivant \u00e0 <a href=\"https:\/\/moncompte.actu.fr\" title=\"D\u00e9couvez Mon Actu\" rel=\"nofollow noopener\" data-trk=\"{&quot;cta&quot;:{&quot;action&quot;:&quot;https:\\\/\\\/moncompte.actu.fr&quot;,&quot;category&quot;:&quot;mon compte&quot;,&quot;from&quot;:&quot;article footer&quot;,&quot;name&quot;:&quot;Mon actu&quot;,&quot;type&quot;:&quot;cta&quot;}}\" target=\"_blank\">Mon Actu<\/a>.<\/p>\n","protected":false},"excerpt":{"rendered":"Par Julien Sournies Publi\u00e9 le 24 juin 2025 \u00e0 11h32 Les gendarmes de la Loire ont eu du&hellip;\n","protected":false},"author":2,"featured_media":200852,"comment_status":"","ping_status":"","sticky":false,"template":"","format":"standard","meta":{"footnotes":""},"categories":[9653],"tags":[1111,11,2430,3542,1777,674,118,1011,27,3381,12,25,4001],"class_list":{"0":"post-200851","1":"post","2":"type-post","3":"status-publish","4":"format-standard","5":"has-post-thumbnail","7":"category-saint-etienne","8":"tag-actu","9":"tag-actualites","10":"tag-auvergne-rhone-alpes","11":"tag-circulation","12":"tag-eu","13":"tag-europe","14":"tag-faits-divers","15":"tag-fr","16":"tag-france","17":"tag-gendarmerie","18":"tag-news","19":"tag-republique-francaise","20":"tag-saint-etienne"},"share_on_mastodon":{"url":"https:\/\/pubeurope.com\/@fr\/114738671459108016","error":""},"_links":{"self":[{"href":"https:\/\/www.europesays.com\/fr\/wp-json\/wp\/v2\/posts\/200851","targetHints":{"allow":["GET"]}}],"collection":[{"href":"https:\/\/www.europesays.com\/fr\/wp-json\/wp\/v2\/posts"}],"about":[{"href":"https:\/\/www.europesays.com\/fr\/wp-json\/wp\/v2\/types\/post"}],"author":[{"embeddable":true,"href":"https:\/\/www.europesays.com\/fr\/wp-json\/wp\/v2\/users\/2"}],"replies":[{"embeddable":true,"href":"https:\/\/www.europesays.com\/fr\/wp-json\/wp\/v2\/comments?post=200851"}],"version-history":[{"count":0,"href":"https:\/\/www.europesays.com\/fr\/wp-json\/wp\/v2\/posts\/200851\/revisions"}],"wp:featuredmedia":[{"embeddable":true,"href":"https:\/\/www.europesays.com\/fr\/wp-json\/wp\/v2\/media\/200852"}],"wp:attachment":[{"href":"https:\/\/www.europesays.com\/fr\/wp-json\/wp\/v2\/media?parent=200851"}],"wp:term":[{"taxonomy":"category","embeddable":true,"href":"https:\/\/www.europesays.com\/fr\/wp-json\/wp\/v2\/categories?post=200851"},{"taxonomy":"post_tag","embeddable":true,"href":"https:\/\/www.europesays.com\/fr\/wp-json\/wp\/v2\/tags?post=200851"}],"curies":[{"name":"wp","href":"https:\/\/api.w.org\/{rel}","templated":true}]}}