{"id":200859,"date":"2025-06-24T13:55:08","date_gmt":"2025-06-24T13:55:08","guid":{"rendered":"https:\/\/www.europesays.com\/fr\/200859\/"},"modified":"2025-06-24T13:55:08","modified_gmt":"2025-06-24T13:55:08","slug":"ce-restaurant-a-ferme-en-urgence-a-la-suite-dun-controle-sanitaire-qui-revele-de-nombreux-problemes","status":"publish","type":"post","link":"https:\/\/www.europesays.com\/fr\/200859\/","title":{"rendered":"ce restaurant a ferm\u00e9 en urgence \u00e0 la suite d&rsquo;un contr\u00f4le sanitaire qui r\u00e9v\u00e8le de nombreux probl\u00e8mes"},"content":{"rendered":"<p>            Par<br \/>\n        <strong><br \/>\n            <a href=\"https:\/\/actu.fr\/auteur\/valentine-exantus-actu-fr\" title=\"Consulter tous les articles de Valentine Exantus\" rel=\"nofollow noopener\" target=\"_blank\">Valentine Exantus<\/a><br \/>\n        <\/strong><\/p>\n<p>        Publi\u00e9 le<\/p>\n<p>            24 juin 2025 \u00e0 15h42        <\/p>\n<p>Le <strong>restaurant Zappi Pasta<\/strong>, situ\u00e9 avenue Colonel-Picot \u00e0 <a href=\"https:\/\/actu.fr\/provence-alpes-cote-d-azur\/toulon_83137\" rel=\"nofollow noopener\" target=\"_blank\">Toulon<\/a> (<a href=\"https:\/\/actu.fr\/provence-alpes-cote-d-azur\/var_83\" rel=\"nofollow noopener\" target=\"_blank\">Var<\/a>), a \u00e9t\u00e9 <strong>ferm\u00e9 administrativement<\/strong> par d\u00e9cision du pr\u00e9fet du Var, apr\u00e8s un<strong> contr\u00f4le sanitaire<\/strong> alarmant effectu\u00e9 le jeudi 19 juin par les agents de la Direction D\u00e9partementale de la Protection des Populations (DDPP).<\/p>\n<p>Des conditions d\u2019hygi\u00e8ne jug\u00e9es dangereuses<\/p>\n<p class=\" wall-content\">Le constat est s\u00e9v\u00e8re : \u00ab\u00a0<strong>locaux en tr\u00e8s mauvais \u00e9tat<\/strong>, \u00e9quipements sales, huile de friture usag\u00e9e, denr\u00e9es mal conserv\u00e9es, et m\u00eame des produits d\u00e9congel\u00e9s \u00e0 temp\u00e9rature ambiante \u00bb.<\/p>\n<p class=\" wall-content\">Plus inqui\u00e9tant encore : \u00ab\u00a0<strong>aucun dispositif de lavage des mains<\/strong> et un personnel non form\u00e9 aux r\u00e8gles d\u2019hygi\u00e8ne alimentaire \u00bb a \u00e9t\u00e9 constat\u00e9.<\/p>\n<p class=\" wall-content\">Un cocktail de n\u00e9gligences qui a pouss\u00e9 la pr\u00e9fecture \u00e0 estimer que l\u2019\u00e9tablissement repr\u00e9sentait un<strong> \u00ab danger grave pour la sant\u00e9 publique \u00bb<\/strong>, notamment en raison du risque de toxi-infection alimentaire collective.<\/p>\n<p>Fermeture jusqu\u2019\u00e0 mise aux normes<\/p>\n<p class=\" wall-content\">L\u2019\u00e9tablissement devra rester ferm\u00e9 jusqu\u2019\u00e0 ce qu\u2019il soit enti\u00e8rement remis aux normes. Une nouvelle inspection sera n\u00e9cessaire pour autoriser la r\u00e9ouverture\u00a0\u00a0<\/p>\n<p>Vid\u00e9os : en ce moment sur Actu<\/p>\n<p class=\" wall-content\">Suivez toute l\u2019actualit\u00e9 de vos villes et m\u00e9dias favoris en vous inscrivant \u00e0 <a href=\"https:\/\/moncompte.actu.fr\" title=\"D\u00e9couvez Mon Actu\" rel=\"nofollow noopener\" data-trk=\"{&quot;cta&quot;:{&quot;action&quot;:&quot;https:\\\/\\\/moncompte.actu.fr&quot;,&quot;category&quot;:&quot;mon compte&quot;,&quot;from&quot;:&quot;article footer&quot;,&quot;name&quot;:&quot;Mon actu&quot;,&quot;type&quot;:&quot;cta&quot;}}\" target=\"_blank\">Mon Actu<\/a>.<\/p>\n","protected":false},"excerpt":{"rendered":"Par Valentine Exantus Publi\u00e9 le 24 juin 2025 \u00e0 15h42 Le restaurant Zappi Pasta, situ\u00e9 avenue Colonel-Picot \u00e0&hellip;\n","protected":false},"author":2,"featured_media":200860,"comment_status":"","ping_status":"","sticky":false,"template":"","format":"standard","meta":{"footnotes":""},"categories":[9619],"tags":[1111,11,1777,674,1011,27,12,882,25,1340,71,104,2310],"class_list":{"0":"post-200859","1":"post","2":"type-post","3":"status-publish","4":"format-standard","5":"has-post-thumbnail","7":"category-toulon","8":"tag-actu","9":"tag-actualites","10":"tag-eu","11":"tag-europe","12":"tag-fr","13":"tag-france","14":"tag-news","15":"tag-provence-alpes-cote-dazur","16":"tag-republique-francaise","17":"tag-restaurant","18":"tag-sante","19":"tag-societe","20":"tag-toulon"},"share_on_mastodon":{"url":"https:\/\/pubeurope.com\/@fr\/114738687360943147","error":""},"_links":{"self":[{"href":"https:\/\/www.europesays.com\/fr\/wp-json\/wp\/v2\/posts\/200859","targetHints":{"allow":["GET"]}}],"collection":[{"href":"https:\/\/www.europesays.com\/fr\/wp-json\/wp\/v2\/posts"}],"about":[{"href":"https:\/\/www.europesays.com\/fr\/wp-json\/wp\/v2\/types\/post"}],"author":[{"embeddable":true,"href":"https:\/\/www.europesays.com\/fr\/wp-json\/wp\/v2\/users\/2"}],"replies":[{"embeddable":true,"href":"https:\/\/www.europesays.com\/fr\/wp-json\/wp\/v2\/comments?post=200859"}],"version-history":[{"count":0,"href":"https:\/\/www.europesays.com\/fr\/wp-json\/wp\/v2\/posts\/200859\/revisions"}],"wp:featuredmedia":[{"embeddable":true,"href":"https:\/\/www.europesays.com\/fr\/wp-json\/wp\/v2\/media\/200860"}],"wp:attachment":[{"href":"https:\/\/www.europesays.com\/fr\/wp-json\/wp\/v2\/media?parent=200859"}],"wp:term":[{"taxonomy":"category","embeddable":true,"href":"https:\/\/www.europesays.com\/fr\/wp-json\/wp\/v2\/categories?post=200859"},{"taxonomy":"post_tag","embeddable":true,"href":"https:\/\/www.europesays.com\/fr\/wp-json\/wp\/v2\/tags?post=200859"}],"curies":[{"name":"wp","href":"https:\/\/api.w.org\/{rel}","templated":true}]}}