{"id":200885,"date":"2025-06-24T14:09:09","date_gmt":"2025-06-24T14:09:09","guid":{"rendered":"https:\/\/www.europesays.com\/fr\/200885\/"},"modified":"2025-06-24T14:09:09","modified_gmt":"2025-06-24T14:09:09","slug":"une-voie-neutralisee-jusqua-nouvel-ordre-de-gros-bouchons-attendus","status":"publish","type":"post","link":"https:\/\/www.europesays.com\/fr\/200885\/","title":{"rendered":"une voie neutralis\u00e9e jusqu&rsquo;\u00e0 nouvel ordre, de gros bouchons attendus"},"content":{"rendered":"<p>            Par<br \/>\n        <strong><br \/>\n            <a href=\"https:\/\/actu.fr\/auteur\/laure-gentil\" title=\"Consulter tous les articles de Laure Gentil\" target=\"_blank\" rel=\"noopener\">Laure Gentil<\/a><br \/>\n        <\/strong><\/p>\n<p>        Publi\u00e9 le<\/p>\n<p>            24 juin 2025 \u00e0 16h07        <\/p>\n<p>Les automobilistes devront \u00eatre prudents ce<strong> mardi 24\u00a0juin 2025<\/strong> sur le p\u00e9riph\u00e9rique de <strong>Nantes<\/strong>.<\/p>\n<p class=\" wall-content\">La<strong> Direction Interd\u00e9partementale des Routes<\/strong> (DIR) Ouest a annonc\u00e9 dans un communiqu\u00e9 \u00ab\u2009qu\u2019un affaissement de chauss\u00e9e a \u00e9t\u00e9 constat\u00e9\u2009\u00bb sur le p\u00e9riph\u00e9rique ext\u00e9rieur, entre la <strong>porte de la Beaujoire et la porte de la Chapelle<\/strong>. Aussi, \u00ab\u2009par mesure de s\u00e9curit\u00e9, la voie de droite a \u00e9t\u00e9 neutralis\u00e9e dans ce secteur jusqu\u2019\u00e0 nouvel ordre\u2009\u00bb, indique la DIRO.<\/p>\n<p>De \u00ab\u2009tr\u00e8s fortes perturbation\u2009\u00bb<\/p>\n<p class=\" wall-content\">Selon la DIRO, cette neutralisation risque \u00ab\u2009d\u2019entra\u00eener de tr\u00e8s fortes perturbations de trafic\u2009\u00bb. Des <strong>bouchons<\/strong> importants sont \u00e0 pr\u00e9voir.<\/p>\n<blockquote class=\"ac-article-quote wall-content\">\n<p>Les \u00e9quipes de la DIR Ouest sont mobilis\u00e9es pour suivre l\u2019\u00e9volution de la situation et mettre en \u0153uvre les investigations techniques n\u00e9cessaires pour rouvrir le plus rapidement possible.<\/p>\n<p>    <strong>Direction Interd\u00e9partementale des Routes (DIR) Ouest<\/strong>\n            <\/p><\/blockquote>\n<p class=\" wall-content\">Les automobilistes sont donc invit\u00e9s \u00ab\u2009\u00e0 adapter leurs trajets et \u00e0 consulter r\u00e9guli\u00e8rement les informations trafic sur les panneaux d\u2019information lumineux\u2009\u00bb ou sur le <a href=\"https:\/\/www.bison-fute.gouv.fr\/nantes,10264.html\" target=\"_blank\" rel=\"noopener\">site de Bison Fut\u00e9.<\/a><\/p>\n<p>Vid\u00e9os : en ce moment sur Actu<\/p>\n<p class=\" wall-content\">Suivez toute l\u2019actualit\u00e9 de vos villes et m\u00e9dias favoris en vous inscrivant \u00e0 <a href=\"https:\/\/moncompte.actu.fr\" title=\"D\u00e9couvez Mon Actu\" rel=\"nofollow noopener\" data-trk=\"{&quot;cta&quot;:{&quot;action&quot;:&quot;https:\\\/\\\/moncompte.actu.fr&quot;,&quot;category&quot;:&quot;mon compte&quot;,&quot;from&quot;:&quot;article footer&quot;,&quot;name&quot;:&quot;Mon actu&quot;,&quot;type&quot;:&quot;cta&quot;}}\" target=\"_blank\">Mon Actu<\/a>.<\/p>\n","protected":false},"excerpt":{"rendered":"Par Laure Gentil Publi\u00e9 le 24 juin 2025 \u00e0 16h07 Les automobilistes devront \u00eatre prudents ce mardi 24\u00a0juin&hellip;\n","protected":false},"author":2,"featured_media":200886,"comment_status":"","ping_status":"","sticky":false,"template":"","format":"standard","meta":{"footnotes":""},"categories":[2818],"tags":[1111,11,3542,1777,674,1011,27,803,766,12,2636,4013,25,104],"class_list":{"0":"post-200885","1":"post","2":"type-post","3":"status-publish","4":"format-standard","5":"has-post-thumbnail","7":"category-nantes","8":"tag-actu","9":"tag-actualites","10":"tag-circulation","11":"tag-eu","12":"tag-europe","13":"tag-fr","14":"tag-france","15":"tag-info-trafic","16":"tag-nantes","17":"tag-news","18":"tag-pays-de-la-loire","19":"tag-peripherique","20":"tag-republique-francaise","21":"tag-societe"},"share_on_mastodon":{"url":"https:\/\/pubeurope.com\/@fr\/114738742142996533","error":""},"_links":{"self":[{"href":"https:\/\/www.europesays.com\/fr\/wp-json\/wp\/v2\/posts\/200885","targetHints":{"allow":["GET"]}}],"collection":[{"href":"https:\/\/www.europesays.com\/fr\/wp-json\/wp\/v2\/posts"}],"about":[{"href":"https:\/\/www.europesays.com\/fr\/wp-json\/wp\/v2\/types\/post"}],"author":[{"embeddable":true,"href":"https:\/\/www.europesays.com\/fr\/wp-json\/wp\/v2\/users\/2"}],"replies":[{"embeddable":true,"href":"https:\/\/www.europesays.com\/fr\/wp-json\/wp\/v2\/comments?post=200885"}],"version-history":[{"count":0,"href":"https:\/\/www.europesays.com\/fr\/wp-json\/wp\/v2\/posts\/200885\/revisions"}],"wp:featuredmedia":[{"embeddable":true,"href":"https:\/\/www.europesays.com\/fr\/wp-json\/wp\/v2\/media\/200886"}],"wp:attachment":[{"href":"https:\/\/www.europesays.com\/fr\/wp-json\/wp\/v2\/media?parent=200885"}],"wp:term":[{"taxonomy":"category","embeddable":true,"href":"https:\/\/www.europesays.com\/fr\/wp-json\/wp\/v2\/categories?post=200885"},{"taxonomy":"post_tag","embeddable":true,"href":"https:\/\/www.europesays.com\/fr\/wp-json\/wp\/v2\/tags?post=200885"}],"curies":[{"name":"wp","href":"https:\/\/api.w.org\/{rel}","templated":true}]}}