{"id":200904,"date":"2025-06-24T14:19:15","date_gmt":"2025-06-24T14:19:15","guid":{"rendered":"https:\/\/www.europesays.com\/fr\/200904\/"},"modified":"2025-06-24T14:19:15","modified_gmt":"2025-06-24T14:19:15","slug":"letat-condamne-a-verser-800-euros-a-des-gens-du-voyage-qui-occupent-illegalement-un-terrain-agricole","status":"publish","type":"post","link":"https:\/\/www.europesays.com\/fr\/200904\/","title":{"rendered":"l\u2019Etat condamn\u00e9 \u00e0 verser 800 euros \u00e0 des gens du voyage qui occupent ill\u00e9galement un terrain agricole"},"content":{"rendered":"<p itemprop=\"description\"><strong>Depuis plus d\u2019un mois, des gens du voyage sont stationn\u00e9s sur un terrain agricole de Genas.<\/strong><\/p>\n<p>Pr\u00e8s de 13 caravanes appartenant \u00e0 la communaut\u00e9 des gens du voyage se sont introduit, le 1er mai dernier, sur un terrain agricole situ\u00e9 dans la commune de Genas, \u00e0 l\u2019Est de Lyon. Ils seraient rest\u00e9s au m\u00eame endroit pendant un mois. Et ce, malgr\u00e9 l\u2019arr\u00eat\u00e9 pr\u00e9fectoral demand\u00e9 par le maire de Genas pour les obliger \u00e0 quitter les lieux en moins de 24 heures.<\/p>\n<p>Une audience avait eu lieu le 12 mai. Le maire de la commune, comme l\u2019agriculteur \u00e0 qui appartient le terrain, ont perdu, et l\u2019arr\u00eat\u00e9 pr\u00e9fectoral a \u00e9t\u00e9 annul\u00e9 par le tribunal administratif de Lyon.<\/p>\n<p>Selon la loi du 5 juillet 2000, il est impossible de mettre en demeure si aucune d\u00e9gradation ni insalubrit\u00e9 n\u2019ont \u00e9t\u00e9 commises ou constat\u00e9es.<\/p>\n<p>De ce fait, l\u2019arr\u00eat\u00e9 pris par la pr\u00e9fecture a \u00e9t\u00e9 annul\u00e9 et l\u2019Etat devra verser 800 euros aux gens du voyage pour les frais de proc\u00e9dure.<\/p>\n<p>D\u00e9sempar\u00e9, le maire de Genas, David Val\u00e9ro, a r\u00e9clam\u00e9 dans la foul\u00e9e \u00e0 la M\u00e9tropole de Lyon la cr\u00e9ation d&rsquo;une aire de grand passage.<\/p>\n","protected":false},"excerpt":{"rendered":"Depuis plus d\u2019un mois, des gens du voyage sont stationn\u00e9s sur un terrain agricole de Genas. Pr\u00e8s de&hellip;\n","protected":false},"author":2,"featured_media":200905,"comment_status":"","ping_status":"","sticky":false,"template":"","format":"standard","meta":{"footnotes":""},"categories":[1889],"tags":[1111,11,2813,2190,2430,1109,251,1112,2811,1777,674,118,1011,27,1922,1110,1114,2428,2810,12,241,316,25,2812,517,800],"class_list":{"0":"post-200904","1":"post","2":"type-post","3":"status-publish","4":"format-standard","5":"has-post-thumbnail","7":"category-lyon","8":"tag-actu","9":"tag-actualites","10":"tag-article","11":"tag-asvel","12":"tag-auvergne-rhone-alpes","13":"tag-breves","14":"tag-culture","15":"tag-depeches","16":"tag-economique","17":"tag-eu","18":"tag-europe","19":"tag-faits-divers","20":"tag-fr","21":"tag-france","22":"tag-info","23":"tag-informations","24":"tag-infos","25":"tag-lyon","26":"tag-lyonmag","27":"tag-news","28":"tag-ol","29":"tag-politique","30":"tag-republique-francaise","31":"tag-sociale","32":"tag-sport","33":"tag-transports"},"share_on_mastodon":{"url":"https:\/\/pubeurope.com\/@fr\/114738781539595021","error":""},"_links":{"self":[{"href":"https:\/\/www.europesays.com\/fr\/wp-json\/wp\/v2\/posts\/200904","targetHints":{"allow":["GET"]}}],"collection":[{"href":"https:\/\/www.europesays.com\/fr\/wp-json\/wp\/v2\/posts"}],"about":[{"href":"https:\/\/www.europesays.com\/fr\/wp-json\/wp\/v2\/types\/post"}],"author":[{"embeddable":true,"href":"https:\/\/www.europesays.com\/fr\/wp-json\/wp\/v2\/users\/2"}],"replies":[{"embeddable":true,"href":"https:\/\/www.europesays.com\/fr\/wp-json\/wp\/v2\/comments?post=200904"}],"version-history":[{"count":0,"href":"https:\/\/www.europesays.com\/fr\/wp-json\/wp\/v2\/posts\/200904\/revisions"}],"wp:featuredmedia":[{"embeddable":true,"href":"https:\/\/www.europesays.com\/fr\/wp-json\/wp\/v2\/media\/200905"}],"wp:attachment":[{"href":"https:\/\/www.europesays.com\/fr\/wp-json\/wp\/v2\/media?parent=200904"}],"wp:term":[{"taxonomy":"category","embeddable":true,"href":"https:\/\/www.europesays.com\/fr\/wp-json\/wp\/v2\/categories?post=200904"},{"taxonomy":"post_tag","embeddable":true,"href":"https:\/\/www.europesays.com\/fr\/wp-json\/wp\/v2\/tags?post=200904"}],"curies":[{"name":"wp","href":"https:\/\/api.w.org\/{rel}","templated":true}]}}